{"id":20207,"date":"2021-11-09T16:40:34","date_gmt":"2021-11-09T22:40:34","guid":{"rendered":"https:\/\/encuentroinformativo.com.mx\/?p=20207"},"modified":"2021-11-09T16:40:37","modified_gmt":"2021-11-09T22:40:37","slug":"coordina-ayuntamiento-operativo-en-chatarreras-con-cfe-y-gobierno-del-estado","status":"publish","type":"post","link":"https:\/\/encuentroinformativo.com.mx\/?p=20207","title":{"rendered":"Coordina Ayuntamiento operativo en \u201cchatarreras\u201d con CFE y Gobierno del Estado"},"content":{"rendered":"\n<p><strong>Alejandro \u00c1vila<\/strong><\/p>\n\n\n\n<p>Veracruz, Ver. \u2013 Diversas direcciones del Ayuntamiento de Veracruz sostuvieron una reuni\u00f3n este lunes con autoridades estatales, para iniciar un operativo en conjunto en diversas \u201cchatarreras\u201d del municipio a fin de dar con presuntos ladrones de tapas de registros de Comisi\u00f3n Federal de Electricidad.<br>Julio Alberto Torres Mart\u00ednez, director de Gobernaci\u00f3n del Ayuntamiento de Veracruz.<\/p>\n\n\n\n<p>Detall\u00f3 que el operativo ha sido permanente desde que conocieron del aumento de estos robos y por ende acudir\u00e1n constantemente a revisar negocios que pudieran comprar tapas u otros art\u00edculos de forma il\u00edcita.<\/p>\n\n\n\n<p>\u201cHoy recorrimos nueve negocios a lo largo del municipio en cuatro diferentes colonias, esto lo vamos a estar realizando durante todos estos d\u00edas, y el d\u00eda de hoy no tuvimos ninguna detecci\u00f3n de tapa o material que se haya adquirido de forma il\u00edcita (\u2026) tenemos planeado recorrer todo el municipio, hay varios puntos, zona norte es uno de los puntos donde nos han estado reportando, la zona de Amapolas, tambi\u00e9n es otra de la que nos han estado reportado y la idea es obviamente recorrer la mayor\u00eda de los puntos del municipio para estar recorriendo los negocios\u201d, puntualiz\u00f3.<\/p>\n\n\n\n<p>Torres Mart\u00ednez, aclar\u00f3 que acude con ellos personal jur\u00eddico de Comisi\u00f3n Federal de Electricidad, pues en caso de encontrar alguna tapa de su propiedad, el personal de CFE har\u00e1 la denuncia correspondiente, para que se detenga al infractor y se le inicie un proceso legal.<\/p>\n\n\n\n<p>\u201cNosotros estamos ahorita en el tema de los negocios, obviamente si sorprendemos a alguien, tambi\u00e9n va a depender la esfera de competencia de cada una de las dependencias que est\u00e1 participando en el operativo\u201d, culmin\u00f3.<\/p>\n","protected":false},"excerpt":{"rendered":"<p>Alejandro \u00c1vila Veracruz, Ver. \u2013 Diversas direcciones del Ayuntamiento de Veracruz sostuvieron una reuni\u00f3n este lunes con autoridades estatales, para iniciar un operativo en conjunto en diversas \u201cchatarreras\u201d del municipio a fin de dar con presuntos ladrones de tapas de registros de Comisi\u00f3n Federal de Electricidad.Julio Alberto Torres Mart\u00ednez, director de Gobernaci\u00f3n del Ayuntamiento de [&hellip;]<\/p>\n","protected":false},"author":1,"featured_media":20208,"comment_status":"open","ping_status":"open","sticky":false,"template":"","format":"standard","meta":{"_jetpack_memberships_contains_paid_content":false,"footnotes":""},"categories":[2],"tags":[],"class_list":["post-20207","post","type-post","status-publish","format-standard","has-post-thumbnail","hentry","category-estado"],"jetpack_featured_media_url":"https:\/\/encuentroinformativo.com.mx\/wp-content\/uploads\/2021\/11\/EC168F84-DE47-4F99-83CA-3B30E00A6AE7.jpeg","jetpack_sharing_enabled":true,"jetpack_likes_enabled":true,"amp_enabled":true,"_links":{"self":[{"href":"https:\/\/encuentroinformativo.com.mx\/index.php?rest_route=\/wp\/v2\/posts\/20207","targetHints":{"allow":["GET"]}}],"collection":[{"href":"https:\/\/encuentroinformativo.com.mx\/index.php?rest_route=\/wp\/v2\/posts"}],"about":[{"href":"https:\/\/encuentroinformativo.com.mx\/index.php?rest_route=\/wp\/v2\/types\/post"}],"author":[{"embeddable":true,"href":"https:\/\/encuentroinformativo.com.mx\/index.php?rest_route=\/wp\/v2\/users\/1"}],"replies":[{"embeddable":true,"href":"https:\/\/encuentroinformativo.com.mx\/index.php?rest_route=%2Fwp%2Fv2%2Fcomments&post=20207"}],"version-history":[{"count":1,"href":"https:\/\/encuentroinformativo.com.mx\/index.php?rest_route=\/wp\/v2\/posts\/20207\/revisions"}],"predecessor-version":[{"id":20209,"href":"https:\/\/encuentroinformativo.com.mx\/index.php?rest_route=\/wp\/v2\/posts\/20207\/revisions\/20209"}],"wp:featuredmedia":[{"embeddable":true,"href":"https:\/\/encuentroinformativo.com.mx\/index.php?rest_route=\/wp\/v2\/media\/20208"}],"wp:attachment":[{"href":"https:\/\/encuentroinformativo.com.mx\/index.php?rest_route=%2Fwp%2Fv2%2Fmedia&parent=20207"}],"wp:term":[{"taxonomy":"category","embeddable":true,"href":"https:\/\/encuentroinformativo.com.mx\/index.php?rest_route=%2Fwp%2Fv2%2Fcategories&post=20207"},{"taxonomy":"post_tag","embeddable":true,"href":"https:\/\/encuentroinformativo.com.mx\/index.php?rest_route=%2Fwp%2Fv2%2Ftags&post=20207"}],"curies":[{"name":"wp","href":"https:\/\/api.w.org\/{rel}","templated":true}]}}