{"id":2022,"date":"2020-04-22T12:44:37","date_gmt":"2020-04-22T17:44:37","guid":{"rendered":"https:\/\/encuentroinformativo.com\/?p=2022"},"modified":"2020-04-22T12:44:39","modified_gmt":"2020-04-22T17:44:39","slug":"cumplio-inegi-con-pago-a-verificadores","status":"publish","type":"post","link":"https:\/\/encuentroinformativo.com.mx\/?p=2022","title":{"rendered":"Cumpli\u00f3 INEGI con pago a verificadores"},"content":{"rendered":"\n<p><strong>Juan Arcos <\/strong><\/p>\n\n\n\n<p>Xalapa, Ver.- Todos los verificadores que fueron reclutados por el Instituto Nacional de Estad\u00edstica y Geograf\u00eda (INEGI) recibieron su pago como lo establec\u00eda el contrato laboral.<\/p>\n\n\n\n<p>Cabe recordar que algunos de los trabajadores hicieron una denuncia p\u00fablica hace unas semanas por presuntos despidos injustificados.<\/p>\n\n\n\n<p>En ese entonces, manifestaron que hab\u00edan firmado un contrato con el INEGI hasta el 17 de abril; sin embargo, el pasado 31 de marzo, les notificaron que ya no se presentaran a trabajar por la contingencia sanitaria.<\/p>\n\n\n\n<p>Dicha situaci\u00f3n gener\u00f3 una gran inconformidad en los verificadores, cuya funci\u00f3n era supervisar que las casas fueron debidamente censadas.<\/p>\n\n\n\n<p>De acuerdo con Mar\u00eda Isabel Le\u00f3n Rom\u00e1n, una de los verificadores, se les pag\u00f3 a los 80 trabajadores que fueron contratados para labores de supervisi\u00f3n.<\/p>\n\n\n\n<p>\u201cEl Inegi siempre s\u00ed nos ha respetado el contrato hasta el d\u00eda 17 de abril\u201d.<\/p>\n\n\n\n<p>Por lo tanto, se les deposit\u00f3 su quincena completa y, el viernes pasado, los trabajadores acudieron a firmar el t\u00e9rmino del contrato.<\/p>\n\n\n\n<p>Y es que algunos de los trabajadores procedieron legalmente para que se respetara dicho contrato y el INEGI realizara los pagos correspondientes.<\/p>\n","protected":false},"excerpt":{"rendered":"<p>Juan Arcos Xalapa, Ver.- Todos los verificadores que fueron reclutados por el Instituto Nacional de Estad\u00edstica y Geograf\u00eda (INEGI) recibieron su pago como lo establec\u00eda el contrato laboral. Cabe recordar que algunos de los trabajadores hicieron una denuncia p\u00fablica hace unas semanas por presuntos despidos injustificados. En ese entonces, manifestaron que hab\u00edan firmado un contrato [&hellip;]<\/p>\n","protected":false},"author":1,"featured_media":2023,"comment_status":"open","ping_status":"open","sticky":false,"template":"","format":"standard","meta":{"_jetpack_memberships_contains_paid_content":false,"footnotes":""},"categories":[3],"tags":[],"class_list":["post-2022","post","type-post","status-publish","format-standard","has-post-thumbnail","hentry","category-xalapa"],"jetpack_featured_media_url":"https:\/\/encuentroinformativo.com.mx\/wp-content\/uploads\/2020\/04\/EDA7861E-06B4-4E52-A0B2-78F07C50346C.jpeg","jetpack_sharing_enabled":true,"jetpack_likes_enabled":true,"amp_enabled":true,"_links":{"self":[{"href":"https:\/\/encuentroinformativo.com.mx\/index.php?rest_route=\/wp\/v2\/posts\/2022","targetHints":{"allow":["GET"]}}],"collection":[{"href":"https:\/\/encuentroinformativo.com.mx\/index.php?rest_route=\/wp\/v2\/posts"}],"about":[{"href":"https:\/\/encuentroinformativo.com.mx\/index.php?rest_route=\/wp\/v2\/types\/post"}],"author":[{"embeddable":true,"href":"https:\/\/encuentroinformativo.com.mx\/index.php?rest_route=\/wp\/v2\/users\/1"}],"replies":[{"embeddable":true,"href":"https:\/\/encuentroinformativo.com.mx\/index.php?rest_route=%2Fwp%2Fv2%2Fcomments&post=2022"}],"version-history":[{"count":1,"href":"https:\/\/encuentroinformativo.com.mx\/index.php?rest_route=\/wp\/v2\/posts\/2022\/revisions"}],"predecessor-version":[{"id":2024,"href":"https:\/\/encuentroinformativo.com.mx\/index.php?rest_route=\/wp\/v2\/posts\/2022\/revisions\/2024"}],"wp:featuredmedia":[{"embeddable":true,"href":"https:\/\/encuentroinformativo.com.mx\/index.php?rest_route=\/wp\/v2\/media\/2023"}],"wp:attachment":[{"href":"https:\/\/encuentroinformativo.com.mx\/index.php?rest_route=%2Fwp%2Fv2%2Fmedia&parent=2022"}],"wp:term":[{"taxonomy":"category","embeddable":true,"href":"https:\/\/encuentroinformativo.com.mx\/index.php?rest_route=%2Fwp%2Fv2%2Fcategories&post=2022"},{"taxonomy":"post_tag","embeddable":true,"href":"https:\/\/encuentroinformativo.com.mx\/index.php?rest_route=%2Fwp%2Fv2%2Ftags&post=2022"}],"curies":[{"name":"wp","href":"https:\/\/api.w.org\/{rel}","templated":true}]}}