{"id":20220,"date":"2021-11-10T11:30:02","date_gmt":"2021-11-10T17:30:02","guid":{"rendered":"https:\/\/encuentroinformativo.com.mx\/?p=20220"},"modified":"2021-11-10T11:30:05","modified_gmt":"2021-11-10T17:30:05","slug":"se-analizaran-estrategias-para-carnaval-paty-lobeira","status":"publish","type":"post","link":"https:\/\/encuentroinformativo.com.mx\/?p=20220","title":{"rendered":"Se analizar\u00e1n estrategias para Carnaval: Paty Lobeira"},"content":{"rendered":"\n<p><strong>Alejandro \u00c1vila<\/strong><\/p>\n\n\n\n<p>Veracruz, Ver.- La alcaldesa electa de Veracruz, Patricia Lobeira Rodr\u00edguez, asegur\u00f3 que no tienen porque haber un Carnaval austero si existe el apoyo de Gobierno del Estado.<\/p>\n\n\n\n<p>La panista dijo que ante las declaraciones del gobernador Cuitl\u00e1huac Garc\u00eda Jim\u00e9nez, quien se\u00f1al\u00f3 solo dar\u00e1 apoyo en promoci\u00f3n a la fiesta m\u00e1s popular del Estado, convocar\u00e1 a una reuni\u00f3n con su equipo de trabajo para analizar cual ser\u00e1 la estrategia a realizar en el Carnaval 2022.<\/p>\n\n\n\n<p>&#8220;La gente lo est\u00e1 pidiendo, as\u00ed es, es por eso que vamos a sentarnos, lo vamos a analizar y pronto dar\u00e9 un posicionamiento (\u2026) vamos a pensarlo, pero yo espero que s\u00ed haya apoyo, no tiene porque no haberlo, la verdad es que gobierno estatal ha apoyado en a\u00f1os anteriores y esperamos que este a\u00f1o lo haga tambi\u00e9n&#8221;, subray\u00f3.<\/p>\n\n\n\n<p>Lobeira Rodr\u00edguez destac\u00f3 que el analisis que har\u00e1 con su equipo de trabajo se basar\u00e1 en el tema de salud, pues si bien los casos van a la baja, el COVID a\u00fan no ha desaparecido, y record\u00f3 que en enero se podr\u00eda dar un nuevo brote, tras las reuniones que se hagan en el mes de diciembre.<\/p>\n\n\n\n<p>&#8220;No se descarta de entrada, lo vamos a analizar (\u2026) no tendr\u00eda porque ser un Carnaval austero si el Gobierno estatal nos apoya&#8221;, remat\u00f3.<\/p>\n","protected":false},"excerpt":{"rendered":"<p>Alejandro \u00c1vila Veracruz, Ver.- La alcaldesa electa de Veracruz, Patricia Lobeira Rodr\u00edguez, asegur\u00f3 que no tienen porque haber un Carnaval austero si existe el apoyo de Gobierno del Estado. La panista dijo que ante las declaraciones del gobernador Cuitl\u00e1huac Garc\u00eda Jim\u00e9nez, quien se\u00f1al\u00f3 solo dar\u00e1 apoyo en promoci\u00f3n a la fiesta m\u00e1s popular del Estado, [&hellip;]<\/p>\n","protected":false},"author":1,"featured_media":20221,"comment_status":"open","ping_status":"open","sticky":false,"template":"","format":"standard","meta":{"_jetpack_memberships_contains_paid_content":false,"footnotes":""},"categories":[2],"tags":[],"class_list":["post-20220","post","type-post","status-publish","format-standard","has-post-thumbnail","hentry","category-estado"],"jetpack_featured_media_url":"https:\/\/encuentroinformativo.com.mx\/wp-content\/uploads\/2021\/11\/202328E6-799D-4728-A1E8-006A4C47160A.jpeg","jetpack_sharing_enabled":true,"jetpack_likes_enabled":true,"amp_enabled":true,"_links":{"self":[{"href":"https:\/\/encuentroinformativo.com.mx\/index.php?rest_route=\/wp\/v2\/posts\/20220","targetHints":{"allow":["GET"]}}],"collection":[{"href":"https:\/\/encuentroinformativo.com.mx\/index.php?rest_route=\/wp\/v2\/posts"}],"about":[{"href":"https:\/\/encuentroinformativo.com.mx\/index.php?rest_route=\/wp\/v2\/types\/post"}],"author":[{"embeddable":true,"href":"https:\/\/encuentroinformativo.com.mx\/index.php?rest_route=\/wp\/v2\/users\/1"}],"replies":[{"embeddable":true,"href":"https:\/\/encuentroinformativo.com.mx\/index.php?rest_route=%2Fwp%2Fv2%2Fcomments&post=20220"}],"version-history":[{"count":1,"href":"https:\/\/encuentroinformativo.com.mx\/index.php?rest_route=\/wp\/v2\/posts\/20220\/revisions"}],"predecessor-version":[{"id":20222,"href":"https:\/\/encuentroinformativo.com.mx\/index.php?rest_route=\/wp\/v2\/posts\/20220\/revisions\/20222"}],"wp:featuredmedia":[{"embeddable":true,"href":"https:\/\/encuentroinformativo.com.mx\/index.php?rest_route=\/wp\/v2\/media\/20221"}],"wp:attachment":[{"href":"https:\/\/encuentroinformativo.com.mx\/index.php?rest_route=%2Fwp%2Fv2%2Fmedia&parent=20220"}],"wp:term":[{"taxonomy":"category","embeddable":true,"href":"https:\/\/encuentroinformativo.com.mx\/index.php?rest_route=%2Fwp%2Fv2%2Fcategories&post=20220"},{"taxonomy":"post_tag","embeddable":true,"href":"https:\/\/encuentroinformativo.com.mx\/index.php?rest_route=%2Fwp%2Fv2%2Ftags&post=20220"}],"curies":[{"name":"wp","href":"https:\/\/api.w.org\/{rel}","templated":true}]}}