{"id":20226,"date":"2021-11-10T12:20:03","date_gmt":"2021-11-10T18:20:03","guid":{"rendered":"https:\/\/encuentroinformativo.com.mx\/?p=20226"},"modified":"2021-11-10T12:20:07","modified_gmt":"2021-11-10T18:20:07","slug":"pobladores-de-teocelo-reclaman-restablecer-rutas-de-transporte","status":"publish","type":"post","link":"https:\/\/encuentroinformativo.com.mx\/?p=20226","title":{"rendered":"Pobladores de Teocelo reclaman restablecer rutas de transporte"},"content":{"rendered":"\n<p><strong>Dar\u00edo Pale<\/strong><\/p>\n\n\n\n<p>Xalapa, Ver.- Clemente Cosme Caricio, presidente del Comit\u00e9 Ciudadano de Teocelo, dio a conocer que Transporte P\u00fablico quit\u00f3 la ruta de camiones de Teocelo a Ru\u00edz Cortines, lo cual afecta econ\u00f3micamente a 5 mil ciudadanos.<\/p>\n\n\n\n<p>En conferencia de prensa realizada en conocido caf\u00e9 del centro de Xalapa, habitantes y estudiantes universitarios que residen en el municipio de Teocelo y municipios aleda\u00f1os, denunciaron que debido a que la direcci\u00f3n de Transporte P\u00fablico del Estado, elimin\u00f3 la ruta de camiones de Teocelo a la avenida Ruiz Cortines en esta capital, unas cinco mil personas se ven afectadas.<\/p>\n\n\n\n<p>Dio a conocer que desde el mes de mayo pasado la l\u00ednea de autobuses &#8220;L\u00edneas Unidas&#8221; ya no presta el servicio, por lo que dejaron de pasar unos 9 camiones hasta el Centro de Alta Especialidad (CAE).<\/p>\n\n\n\n<p>Se\u00f1alo que dicha ruta ven\u00eda d\u00e1ndoles el servicio desde hace 27 a\u00f1os, pero sin aviso alguno Transporte P\u00fablico la suspendi\u00f3 en medio de la pandemia, golpeando la econom\u00eda de amas de casa, estudiantes, campesinos, alba\u00f1iles, entre otros que vienen a Xalapa a realizar sus actividades.<\/p>\n\n\n\n<p>Subray\u00f3 que el cambio les impacta de manera econ\u00f3mica porque por ejemplo, diariamente gastaban 48 pesos de ida y vuelta, pero ahora tienen que gastar 66 pesos, porque tienen que usar otro autob\u00fas para llegar a la avenida Ruiz Cortines, m\u00e1s los alimentos, lo cual, por ejemplo a un alba\u00f1il o ama de casa, les resta m\u00e1s del 50 por ciento de lo que ganan al d\u00eda.<\/p>\n\n\n\n<p>Es por ello que llamaron al Gobernador \u00a0para que intervenga, toda vez que la medida impacta a unas 5 mil personas de Tecoleo y municipios aleda\u00f1os.<\/p>\n\n\n\n<p>Por su parte, el presidente del Comit\u00e9 Estudiantil de Teocelo, \u00a0Alan Mart\u00ednez, pidi\u00f3 al Gobernador que se reactive la ruta de autobuses, sobre todo para los que tienen que llegar a la Unidad de Ciencias de la Salud.<\/p>\n\n\n\n<p>Finalmente do a conocer que, &#8220;no tenemos respuesta concreta, simplemente se quit\u00f3, ahora no tenemos descuento, antes era de 13, ahora son 24 pesos&#8221;, detall\u00f3 y afirm\u00f3 que no est\u00e1n haciendo descuento para estudiantes.<\/p>\n","protected":false},"excerpt":{"rendered":"<p>Dar\u00edo Pale Xalapa, Ver.- Clemente Cosme Caricio, presidente del Comit\u00e9 Ciudadano de Teocelo, dio a conocer que Transporte P\u00fablico quit\u00f3 la ruta de camiones de Teocelo a Ru\u00edz Cortines, lo cual afecta econ\u00f3micamente a 5 mil ciudadanos. En conferencia de prensa realizada en conocido caf\u00e9 del centro de Xalapa, habitantes y estudiantes universitarios que residen [&hellip;]<\/p>\n","protected":false},"author":1,"featured_media":20227,"comment_status":"open","ping_status":"open","sticky":false,"template":"","format":"standard","meta":{"_jetpack_memberships_contains_paid_content":false,"footnotes":""},"categories":[8],"tags":[],"class_list":["post-20226","post","type-post","status-publish","format-standard","has-post-thumbnail","hentry","category-region"],"jetpack_featured_media_url":"https:\/\/encuentroinformativo.com.mx\/wp-content\/uploads\/2021\/11\/B83FCFC9-2EF3-4D21-8698-35A64F95BD52.jpeg","jetpack_sharing_enabled":true,"jetpack_likes_enabled":true,"amp_enabled":true,"_links":{"self":[{"href":"https:\/\/encuentroinformativo.com.mx\/index.php?rest_route=\/wp\/v2\/posts\/20226","targetHints":{"allow":["GET"]}}],"collection":[{"href":"https:\/\/encuentroinformativo.com.mx\/index.php?rest_route=\/wp\/v2\/posts"}],"about":[{"href":"https:\/\/encuentroinformativo.com.mx\/index.php?rest_route=\/wp\/v2\/types\/post"}],"author":[{"embeddable":true,"href":"https:\/\/encuentroinformativo.com.mx\/index.php?rest_route=\/wp\/v2\/users\/1"}],"replies":[{"embeddable":true,"href":"https:\/\/encuentroinformativo.com.mx\/index.php?rest_route=%2Fwp%2Fv2%2Fcomments&post=20226"}],"version-history":[{"count":1,"href":"https:\/\/encuentroinformativo.com.mx\/index.php?rest_route=\/wp\/v2\/posts\/20226\/revisions"}],"predecessor-version":[{"id":20228,"href":"https:\/\/encuentroinformativo.com.mx\/index.php?rest_route=\/wp\/v2\/posts\/20226\/revisions\/20228"}],"wp:featuredmedia":[{"embeddable":true,"href":"https:\/\/encuentroinformativo.com.mx\/index.php?rest_route=\/wp\/v2\/media\/20227"}],"wp:attachment":[{"href":"https:\/\/encuentroinformativo.com.mx\/index.php?rest_route=%2Fwp%2Fv2%2Fmedia&parent=20226"}],"wp:term":[{"taxonomy":"category","embeddable":true,"href":"https:\/\/encuentroinformativo.com.mx\/index.php?rest_route=%2Fwp%2Fv2%2Fcategories&post=20226"},{"taxonomy":"post_tag","embeddable":true,"href":"https:\/\/encuentroinformativo.com.mx\/index.php?rest_route=%2Fwp%2Fv2%2Ftags&post=20226"}],"curies":[{"name":"wp","href":"https:\/\/api.w.org\/{rel}","templated":true}]}}