{"id":20229,"date":"2021-11-10T12:32:35","date_gmt":"2021-11-10T18:32:35","guid":{"rendered":"https:\/\/encuentroinformativo.com.mx\/?p=20229"},"modified":"2021-11-10T12:32:38","modified_gmt":"2021-11-10T18:32:38","slug":"clausura-ayuntamiento-porteno-dos-chatarreras","status":"publish","type":"post","link":"https:\/\/encuentroinformativo.com.mx\/?p=20229","title":{"rendered":"Clausura Ayuntamiento porte\u00f1o dos \u201cchatarreras\u201d"},"content":{"rendered":"\n<p>Alejandro \u00c1vila<\/p>\n\n\n\n<p>Veracruz, Ver.- El alcalde de Veracruz, Fernando Yunes M\u00e1rquez, confirm\u00f3 que durante los operativos en &#8220;chatarreras&#8221;, se han clausurado dos comercios de este rubro.<\/p>\n\n\n\n<p>El edil expuso que las denuncias deben ser interpuestas por Comisi\u00f3n Federal de Electricidad (CFE) ante la Fiscal\u00eda General del Estado (FGE), toda vez que el motivo de la clausura es la posesi\u00f3n ilegal de material federal.<\/p>\n\n\n\n<p>&#8220;Hasta ahora dos, y la denuncia la tiene que presentar CFE al ser material de ellos el que se ha robado, se presentaron las denuncias, pero hasta este momento pues Fiscal\u00eda no ha dado el resultado (\u2026) a la Fiscal\u00eda es a la que le corresponde la investigaci\u00f3n y proceder en contra de los presuntos responsables&#8221;, apunt\u00f3.<\/p>\n\n\n\n<p>El panista expuso que la \u00fanica persona que piensa que no hay coordinaci\u00f3n en materia de seguridad es el gobernador del estado, y destac\u00f3 que diariamente hay reuniones con las corporaciones estatales y federales para plantear las estrategias que ayuden a mitigar los delitos que aquejan a la sociedad.<\/p>\n\n\n\n<p>&#8220;Es diaria, insisto, aqu\u00ed el \u00fanico que piensa que no nos coordinamos es el gobernador, pero aqu\u00ed est\u00e1 su gente, sus empleados, nos reunimos diariamente, una semana toca en el Ayuntamiento, otras toca en otras instalaciones y se van rotando, as\u00ed es como se hace, pero diariamente en esta reuni\u00f3n de coordinaci\u00f3n, nos coordinamos bastante bien con el secretario de Seguridad P\u00fablica como lo he dicho, diariamente hay coordinaci\u00f3n&#8221;, remat\u00f3.<\/p>\n","protected":false},"excerpt":{"rendered":"<p>Alejandro \u00c1vila Veracruz, Ver.- El alcalde de Veracruz, Fernando Yunes M\u00e1rquez, confirm\u00f3 que durante los operativos en &#8220;chatarreras&#8221;, se han clausurado dos comercios de este rubro. El edil expuso que las denuncias deben ser interpuestas por Comisi\u00f3n Federal de Electricidad (CFE) ante la Fiscal\u00eda General del Estado (FGE), toda vez que el motivo de la [&hellip;]<\/p>\n","protected":false},"author":1,"featured_media":20230,"comment_status":"open","ping_status":"open","sticky":false,"template":"","format":"standard","meta":{"_jetpack_memberships_contains_paid_content":false,"footnotes":""},"categories":[2],"tags":[],"class_list":["post-20229","post","type-post","status-publish","format-standard","has-post-thumbnail","hentry","category-estado"],"jetpack_featured_media_url":"https:\/\/encuentroinformativo.com.mx\/wp-content\/uploads\/2021\/11\/4BC7AE80-5856-4A82-B13B-A0870BB54790.jpeg","jetpack_sharing_enabled":true,"jetpack_likes_enabled":true,"amp_enabled":true,"_links":{"self":[{"href":"https:\/\/encuentroinformativo.com.mx\/index.php?rest_route=\/wp\/v2\/posts\/20229","targetHints":{"allow":["GET"]}}],"collection":[{"href":"https:\/\/encuentroinformativo.com.mx\/index.php?rest_route=\/wp\/v2\/posts"}],"about":[{"href":"https:\/\/encuentroinformativo.com.mx\/index.php?rest_route=\/wp\/v2\/types\/post"}],"author":[{"embeddable":true,"href":"https:\/\/encuentroinformativo.com.mx\/index.php?rest_route=\/wp\/v2\/users\/1"}],"replies":[{"embeddable":true,"href":"https:\/\/encuentroinformativo.com.mx\/index.php?rest_route=%2Fwp%2Fv2%2Fcomments&post=20229"}],"version-history":[{"count":1,"href":"https:\/\/encuentroinformativo.com.mx\/index.php?rest_route=\/wp\/v2\/posts\/20229\/revisions"}],"predecessor-version":[{"id":20231,"href":"https:\/\/encuentroinformativo.com.mx\/index.php?rest_route=\/wp\/v2\/posts\/20229\/revisions\/20231"}],"wp:featuredmedia":[{"embeddable":true,"href":"https:\/\/encuentroinformativo.com.mx\/index.php?rest_route=\/wp\/v2\/media\/20230"}],"wp:attachment":[{"href":"https:\/\/encuentroinformativo.com.mx\/index.php?rest_route=%2Fwp%2Fv2%2Fmedia&parent=20229"}],"wp:term":[{"taxonomy":"category","embeddable":true,"href":"https:\/\/encuentroinformativo.com.mx\/index.php?rest_route=%2Fwp%2Fv2%2Fcategories&post=20229"},{"taxonomy":"post_tag","embeddable":true,"href":"https:\/\/encuentroinformativo.com.mx\/index.php?rest_route=%2Fwp%2Fv2%2Ftags&post=20229"}],"curies":[{"name":"wp","href":"https:\/\/api.w.org\/{rel}","templated":true}]}}