{"id":20232,"date":"2021-11-10T12:42:05","date_gmt":"2021-11-10T18:42:05","guid":{"rendered":"https:\/\/encuentroinformativo.com.mx\/?p=20232"},"modified":"2021-11-10T12:42:09","modified_gmt":"2021-11-10T18:42:09","slug":"buen-fin-inicio-para-retornar-a-la-economia-confia-canaco","status":"publish","type":"post","link":"https:\/\/encuentroinformativo.com.mx\/?p=20232","title":{"rendered":"Buen Fin, inicio para retornar a la econom\u00eda; conf\u00eda CANACO"},"content":{"rendered":"\n<p><strong>Alejandro \u00c1vila<\/strong><\/p>\n\n\n\n<p>Veracruz, Ver.- El Buen Fin 2021, debe ser el inicio del retorno de la econom\u00eda nacional, ya que esta fue muy golpeada por la pandemia de COVID-19, se\u00f1al\u00f3 el presidente de CANACO Veracruz, Jos\u00e9 Antonio Mendoza Garc\u00eda.<\/p>\n\n\n\n<p>En 2020, el a\u00f1o m\u00e1s grave de la pandemia, la derrama econ\u00f3mica a nivel nacional por El Buen Fin, fue de 239 mil millones de pesos; este 2021, tan solo en Veracruz &#8211; Boca del R\u00edo y los 14 municipios m\u00e1s que conforman la delegaci\u00f3n, se esperan ventas superiores a los 990 millones de pesos.<\/p>\n\n\n\n<p>&#8220;El Buen Fin est\u00e1 considerado por quienes integramos las 256 c\u00e1maras nacionales en el pa\u00eds, como el inicio al retorno de nuestra econom\u00eda nacional. Sabemos lo que hemos caido, el producto interno bruto actual lo refleja, las estad\u00edsticas no mienten, los n\u00fameros son reales, sabemos que no es f\u00e1cil la recuperaci\u00f3n, pero tambi\u00e9n sabemos la calidad y la fortaleza de todos los comerciantes y empresarios&#8221;, puntualiz\u00f3.<\/p>\n\n\n\n<p>Durante la inauguraci\u00f3n de la Primer Feria El Buen Fin, Mendoza Garc\u00eda destac\u00f3 que se ofertaran productos durante una semana, con descuentos desde el 10, hasta el 50 por ciento.<\/p>\n\n\n\n<p>&#8220;Uno de los principales objetivos de esta feria, es impulsar la reactivaci\u00f3n econ\u00f3mica, sobre todo del Centro Historico, porque queremos un Centro Historico fortalecido y bello&#8221;, culmin\u00f3.<\/p>\n","protected":false},"excerpt":{"rendered":"<p>Alejandro \u00c1vila Veracruz, Ver.- El Buen Fin 2021, debe ser el inicio del retorno de la econom\u00eda nacional, ya que esta fue muy golpeada por la pandemia de COVID-19, se\u00f1al\u00f3 el presidente de CANACO Veracruz, Jos\u00e9 Antonio Mendoza Garc\u00eda. En 2020, el a\u00f1o m\u00e1s grave de la pandemia, la derrama econ\u00f3mica a nivel nacional por [&hellip;]<\/p>\n","protected":false},"author":1,"featured_media":20233,"comment_status":"open","ping_status":"open","sticky":false,"template":"","format":"standard","meta":{"_jetpack_memberships_contains_paid_content":false,"footnotes":""},"categories":[2],"tags":[],"class_list":["post-20232","post","type-post","status-publish","format-standard","has-post-thumbnail","hentry","category-estado"],"jetpack_featured_media_url":"https:\/\/encuentroinformativo.com.mx\/wp-content\/uploads\/2021\/11\/4C70BFAB-C46F-4A1B-BA15-1998AEE715B2.jpeg","jetpack_sharing_enabled":true,"jetpack_likes_enabled":true,"amp_enabled":true,"_links":{"self":[{"href":"https:\/\/encuentroinformativo.com.mx\/index.php?rest_route=\/wp\/v2\/posts\/20232","targetHints":{"allow":["GET"]}}],"collection":[{"href":"https:\/\/encuentroinformativo.com.mx\/index.php?rest_route=\/wp\/v2\/posts"}],"about":[{"href":"https:\/\/encuentroinformativo.com.mx\/index.php?rest_route=\/wp\/v2\/types\/post"}],"author":[{"embeddable":true,"href":"https:\/\/encuentroinformativo.com.mx\/index.php?rest_route=\/wp\/v2\/users\/1"}],"replies":[{"embeddable":true,"href":"https:\/\/encuentroinformativo.com.mx\/index.php?rest_route=%2Fwp%2Fv2%2Fcomments&post=20232"}],"version-history":[{"count":1,"href":"https:\/\/encuentroinformativo.com.mx\/index.php?rest_route=\/wp\/v2\/posts\/20232\/revisions"}],"predecessor-version":[{"id":20234,"href":"https:\/\/encuentroinformativo.com.mx\/index.php?rest_route=\/wp\/v2\/posts\/20232\/revisions\/20234"}],"wp:featuredmedia":[{"embeddable":true,"href":"https:\/\/encuentroinformativo.com.mx\/index.php?rest_route=\/wp\/v2\/media\/20233"}],"wp:attachment":[{"href":"https:\/\/encuentroinformativo.com.mx\/index.php?rest_route=%2Fwp%2Fv2%2Fmedia&parent=20232"}],"wp:term":[{"taxonomy":"category","embeddable":true,"href":"https:\/\/encuentroinformativo.com.mx\/index.php?rest_route=%2Fwp%2Fv2%2Fcategories&post=20232"},{"taxonomy":"post_tag","embeddable":true,"href":"https:\/\/encuentroinformativo.com.mx\/index.php?rest_route=%2Fwp%2Fv2%2Ftags&post=20232"}],"curies":[{"name":"wp","href":"https:\/\/api.w.org\/{rel}","templated":true}]}}