{"id":20235,"date":"2021-11-10T13:05:56","date_gmt":"2021-11-10T19:05:56","guid":{"rendered":"https:\/\/encuentroinformativo.com.mx\/?p=20235"},"modified":"2021-11-10T13:05:59","modified_gmt":"2021-11-10T19:05:59","slug":"anuncian-noche-de-danza-en-xalapa","status":"publish","type":"post","link":"https:\/\/encuentroinformativo.com.mx\/?p=20235","title":{"rendered":"Anuncian Noche de Danza en Xalapa"},"content":{"rendered":"\n<p><strong>Dar\u00edo Pale<\/strong><\/p>\n\n\n\n<p>Xalapa, Ver.- Fabiola El\u00edas invito a la ciudadan\u00eda para que asistan al evento &#8220;Reactivo, noche de danza&#8221;, de danza contempor\u00e1nea, que se llevar\u00e1 a cabo el pr\u00f3ximo s\u00e1bado 13 de noviembre en el auditorio de IMAC, donde varios artistas independientes de Xalapa participar\u00e1n.<\/p>\n\n\n\n<p>En una conferencia de prensa realizada en conocido caf\u00e9 del centro de Xalapa, dio a conocer que en este evento participan diversos colectivos de danza y una escuela, quienes buscan dar a conocer lo que han estado trabajando, a pesar de la pandemia.<\/p>\n\n\n\n<p>Por otra parte, Braulio Escamilla, qui\u00e9n es director general de On danza radio, compa\u00f1\u00eda organizadora del evento, explic\u00f3 que es necesario dar una reactivaci\u00f3n tambi\u00e9n a la escena art\u00edstica de bailarines, ya que ellos no han podido realizar eventos a\u00fan.<\/p>\n\n\n\n<p>&#8220;Se llama Reactivo porque estamos tratando de reactivar esta escena; ustedes saben que estos ya casi dos a\u00f1os de pandemia fueron cerrados varios espacios y tambi\u00e9n las actividades culturales; pero ahora tenemos est\u00e1 gran oportunidad, no solo nosotros, si no el p\u00fablico, de ir a ver danza local&#8221;, coment\u00f3.<\/p>\n\n\n\n<p>Tambi\u00e9n se\u00f1al\u00f3 que otra de las intenciones de este evento es el de mantenerse activos y vigentes en la escena, ya que actualmente a est\u00e1s compa\u00f1\u00edas se les conoce m\u00e1s en otros estados o pa\u00edses, que en el propio.<\/p>\n\n\n\n<p>Finalmente dieron a conocer que el evento se llevar\u00e1 a cabo el d\u00eda 13 de noviembre en el auditorio de la Iniciativa Municipal de Arte y Cultura (IMAC) a las 19 horas, el costo de los boletos de preventa es de 70 pesos y participar\u00e1n cuatro compa\u00f1\u00edas de danza.<\/p>\n","protected":false},"excerpt":{"rendered":"<p>Dar\u00edo Pale Xalapa, Ver.- Fabiola El\u00edas invito a la ciudadan\u00eda para que asistan al evento &#8220;Reactivo, noche de danza&#8221;, de danza contempor\u00e1nea, que se llevar\u00e1 a cabo el pr\u00f3ximo s\u00e1bado 13 de noviembre en el auditorio de IMAC, donde varios artistas independientes de Xalapa participar\u00e1n. En una conferencia de prensa realizada en conocido caf\u00e9 del [&hellip;]<\/p>\n","protected":false},"author":1,"featured_media":20236,"comment_status":"open","ping_status":"open","sticky":false,"template":"","format":"standard","meta":{"_jetpack_memberships_contains_paid_content":false,"footnotes":""},"categories":[3],"tags":[],"class_list":["post-20235","post","type-post","status-publish","format-standard","has-post-thumbnail","hentry","category-xalapa"],"jetpack_featured_media_url":"https:\/\/encuentroinformativo.com.mx\/wp-content\/uploads\/2021\/11\/50DDF8AE-F633-4420-B375-81999429EA1C.jpeg","jetpack_sharing_enabled":true,"jetpack_likes_enabled":true,"amp_enabled":true,"_links":{"self":[{"href":"https:\/\/encuentroinformativo.com.mx\/index.php?rest_route=\/wp\/v2\/posts\/20235","targetHints":{"allow":["GET"]}}],"collection":[{"href":"https:\/\/encuentroinformativo.com.mx\/index.php?rest_route=\/wp\/v2\/posts"}],"about":[{"href":"https:\/\/encuentroinformativo.com.mx\/index.php?rest_route=\/wp\/v2\/types\/post"}],"author":[{"embeddable":true,"href":"https:\/\/encuentroinformativo.com.mx\/index.php?rest_route=\/wp\/v2\/users\/1"}],"replies":[{"embeddable":true,"href":"https:\/\/encuentroinformativo.com.mx\/index.php?rest_route=%2Fwp%2Fv2%2Fcomments&post=20235"}],"version-history":[{"count":1,"href":"https:\/\/encuentroinformativo.com.mx\/index.php?rest_route=\/wp\/v2\/posts\/20235\/revisions"}],"predecessor-version":[{"id":20237,"href":"https:\/\/encuentroinformativo.com.mx\/index.php?rest_route=\/wp\/v2\/posts\/20235\/revisions\/20237"}],"wp:featuredmedia":[{"embeddable":true,"href":"https:\/\/encuentroinformativo.com.mx\/index.php?rest_route=\/wp\/v2\/media\/20236"}],"wp:attachment":[{"href":"https:\/\/encuentroinformativo.com.mx\/index.php?rest_route=%2Fwp%2Fv2%2Fmedia&parent=20235"}],"wp:term":[{"taxonomy":"category","embeddable":true,"href":"https:\/\/encuentroinformativo.com.mx\/index.php?rest_route=%2Fwp%2Fv2%2Fcategories&post=20235"},{"taxonomy":"post_tag","embeddable":true,"href":"https:\/\/encuentroinformativo.com.mx\/index.php?rest_route=%2Fwp%2Fv2%2Ftags&post=20235"}],"curies":[{"name":"wp","href":"https:\/\/api.w.org\/{rel}","templated":true}]}}