{"id":20247,"date":"2021-11-10T14:10:23","date_gmt":"2021-11-10T20:10:23","guid":{"rendered":"https:\/\/encuentroinformativo.com.mx\/?p=20247"},"modified":"2021-11-10T14:10:27","modified_gmt":"2021-11-10T20:10:27","slug":"en-febrero-concluiran-obras-en-tecnologico-de-xalapa","status":"publish","type":"post","link":"https:\/\/encuentroinformativo.com.mx\/?p=20247","title":{"rendered":"En febrero, concluir\u00e1n obras en Tecnol\u00f3gico de Xalapa"},"content":{"rendered":"\n<p><strong>Juan Arcos<\/strong> <\/p>\n\n\n\n<p>Xalapa, Ver.- El director general del Instituto de Espacios Educativos de Veracruz, Ricardo Garc\u00eda Jim\u00e9nez, revel\u00f3 que a m\u00e1s tardar en febrero pr\u00f3ximo ser\u00e1 concluida la obra para la construcci\u00f3n de dos edificios en el Instituto Tecnol\u00f3gico Superior de Xalapa (ITSX).<\/p>\n\n\n\n<p>El funcionario estatal dio a conocer que se trata de una obra que se realiza mediante una inversi\u00f3n de 12.5 millones de pesos, con recursos econ\u00f3micos de la Federaci\u00f3n.<\/p>\n\n\n\n<p>Mencion\u00f3 que la obra se ha retrasado un poco, debido a que el dinero se ha otorgado en parcialidades, un fondo que fue gestionado por con el Instituto Nacional de la Infraestructura F\u00edsica Educativa (INIFED).<\/p>\n\n\n\n<p>\u201cEl recurso que se est\u00e1 invirtiendo aqu\u00ed en el Tec es un fondo que se rescat\u00f3, que parec\u00eda abandonado, por parte de INIFED, el asunto es la tramitolog\u00eda, los pagos son un poco tardamos y eso hace que las obras se nos atrasen un poco\u201d.<\/p>\n\n\n\n<p>Ricardo Garc\u00eda indic\u00f3 que la obra comprende la construcci\u00f3n de dos edificios con ocho aulas, un laboratorio y sanitarios.<\/p>\n\n\n\n<p>El entrevistado se\u00f1al\u00f3 que la obra permitir\u00e1 recibir y atender a un mayor n\u00famero de j\u00f3venes.<\/p>\n\n\n\n<p>\u201cEl maestro Walter (Director del Tecnol\u00f3gico de Xalapa) ha impulsado el cero rechazo en el Tecnol\u00f3gico, la verdad que le est\u00e1 echando muchas ganas para atender a un mayor n\u00famero de j\u00f3venes y \u00e9l est\u00e1 haciendo magia y malabares para poder llevarlo a cabo y obviamente requiere de estos edificios\u201d, expres\u00f3.<\/p>\n\n\n\n<p>El Director General del Instituto de Espacios Educativos adelant\u00f3 que continuar\u00e1n los proyectos y las obras en el Instituto Tecnol\u00f3gico Superior de Xalapa.<\/p>\n","protected":false},"excerpt":{"rendered":"<p>Juan Arcos Xalapa, Ver.- El director general del Instituto de Espacios Educativos de Veracruz, Ricardo Garc\u00eda Jim\u00e9nez, revel\u00f3 que a m\u00e1s tardar en febrero pr\u00f3ximo ser\u00e1 concluida la obra para la construcci\u00f3n de dos edificios en el Instituto Tecnol\u00f3gico Superior de Xalapa (ITSX). El funcionario estatal dio a conocer que se trata de una obra [&hellip;]<\/p>\n","protected":false},"author":1,"featured_media":20248,"comment_status":"open","ping_status":"open","sticky":false,"template":"","format":"standard","meta":{"_jetpack_memberships_contains_paid_content":false,"footnotes":""},"categories":[3],"tags":[],"class_list":["post-20247","post","type-post","status-publish","format-standard","has-post-thumbnail","hentry","category-xalapa"],"jetpack_featured_media_url":"https:\/\/encuentroinformativo.com.mx\/wp-content\/uploads\/2021\/11\/CEB0A23D-A5DD-42A5-8F67-A1B52AAE9A62.jpeg","jetpack_sharing_enabled":true,"jetpack_likes_enabled":true,"amp_enabled":true,"_links":{"self":[{"href":"https:\/\/encuentroinformativo.com.mx\/index.php?rest_route=\/wp\/v2\/posts\/20247","targetHints":{"allow":["GET"]}}],"collection":[{"href":"https:\/\/encuentroinformativo.com.mx\/index.php?rest_route=\/wp\/v2\/posts"}],"about":[{"href":"https:\/\/encuentroinformativo.com.mx\/index.php?rest_route=\/wp\/v2\/types\/post"}],"author":[{"embeddable":true,"href":"https:\/\/encuentroinformativo.com.mx\/index.php?rest_route=\/wp\/v2\/users\/1"}],"replies":[{"embeddable":true,"href":"https:\/\/encuentroinformativo.com.mx\/index.php?rest_route=%2Fwp%2Fv2%2Fcomments&post=20247"}],"version-history":[{"count":1,"href":"https:\/\/encuentroinformativo.com.mx\/index.php?rest_route=\/wp\/v2\/posts\/20247\/revisions"}],"predecessor-version":[{"id":20249,"href":"https:\/\/encuentroinformativo.com.mx\/index.php?rest_route=\/wp\/v2\/posts\/20247\/revisions\/20249"}],"wp:featuredmedia":[{"embeddable":true,"href":"https:\/\/encuentroinformativo.com.mx\/index.php?rest_route=\/wp\/v2\/media\/20248"}],"wp:attachment":[{"href":"https:\/\/encuentroinformativo.com.mx\/index.php?rest_route=%2Fwp%2Fv2%2Fmedia&parent=20247"}],"wp:term":[{"taxonomy":"category","embeddable":true,"href":"https:\/\/encuentroinformativo.com.mx\/index.php?rest_route=%2Fwp%2Fv2%2Fcategories&post=20247"},{"taxonomy":"post_tag","embeddable":true,"href":"https:\/\/encuentroinformativo.com.mx\/index.php?rest_route=%2Fwp%2Fv2%2Ftags&post=20247"}],"curies":[{"name":"wp","href":"https:\/\/api.w.org\/{rel}","templated":true}]}}