{"id":2025,"date":"2020-04-22T12:56:30","date_gmt":"2020-04-22T17:56:30","guid":{"rendered":"https:\/\/encuentroinformativo.com\/?p=2025"},"modified":"2020-04-22T12:56:32","modified_gmt":"2020-04-22T17:56:32","slug":"persiste-desabasto-de-cubrebocas-en-farmacias","status":"publish","type":"post","link":"https:\/\/encuentroinformativo.com.mx\/?p=2025","title":{"rendered":"Persiste desabasto de cubrebocas en farmacias"},"content":{"rendered":"\n<p><strong>Juan Arcos <\/strong><\/p>\n\n\n\n<p>Xalapa, Ver.- El desabasto de cubrebocas persiste en farmacias de la capital del estado, pese a que su uso es obligatorio por disposici\u00f3n oficial.<\/p>\n\n\n\n<p>Los empleados de dichos establecimientos confirmaron que los cubrebocas se agotaron desde marzo pasado por la contingencia sanitaria del coronavirus.<\/p>\n\n\n\n<p>Israel Mendoza Casta\u00f1eda, quien labora en una farmacia desde hace un a\u00f1o, dichos establecimientos cuentan con cubrebocas solo para uso interno.<\/p>\n\n\n\n<p>\u201cCreo que aproximadamente desde marzo se acabaron los cubrebocas para venta al p\u00fablico\u201d.<\/p>\n\n\n\n<p>Cabe recordar que el Cabildo xalape\u00f1o, presidido por el presidente municipal Hip\u00f3lito Rodr\u00edguez Herrero, acord\u00f3 que fuera obligatorio el uso de cubrebocas a partir del 21 de abril.<\/p>\n\n\n\n<p>El empleado farmac\u00e9utico dijo desconocer cu\u00e1ndo ser\u00e1n distribuidos dichos insumos.<\/p>\n\n\n\n<p>\u201cSolo contamos para uso personal lo que la empresa no est\u00e1 suministrando y la verdad no tenemos visi\u00f3n para cuando nos pueda llegar\u201d.<\/p>\n\n\n\n<p>Cabe precisar que los cubrebocas se agotaron desde finales de febrero pasado en farmacias del Centro Hist\u00f3rico de Xalapa por la psicosis y las compras de p\u00e1nico originadas por la pandemia.<\/p>\n","protected":false},"excerpt":{"rendered":"<p>Juan Arcos Xalapa, Ver.- El desabasto de cubrebocas persiste en farmacias de la capital del estado, pese a que su uso es obligatorio por disposici\u00f3n oficial. Los empleados de dichos establecimientos confirmaron que los cubrebocas se agotaron desde marzo pasado por la contingencia sanitaria del coronavirus. Israel Mendoza Casta\u00f1eda, quien labora en una farmacia desde [&hellip;]<\/p>\n","protected":false},"author":1,"featured_media":2026,"comment_status":"open","ping_status":"open","sticky":false,"template":"","format":"standard","meta":{"_jetpack_memberships_contains_paid_content":false,"footnotes":""},"categories":[9],"tags":[],"class_list":["post-2025","post","type-post","status-publish","format-standard","has-post-thumbnail","hentry","category-salud"],"jetpack_featured_media_url":"https:\/\/encuentroinformativo.com.mx\/wp-content\/uploads\/2020\/04\/AE84BFD2-C7B7-440F-8AE5-E849BE8AF22A.jpeg","jetpack_sharing_enabled":true,"jetpack_likes_enabled":true,"amp_enabled":true,"_links":{"self":[{"href":"https:\/\/encuentroinformativo.com.mx\/index.php?rest_route=\/wp\/v2\/posts\/2025","targetHints":{"allow":["GET"]}}],"collection":[{"href":"https:\/\/encuentroinformativo.com.mx\/index.php?rest_route=\/wp\/v2\/posts"}],"about":[{"href":"https:\/\/encuentroinformativo.com.mx\/index.php?rest_route=\/wp\/v2\/types\/post"}],"author":[{"embeddable":true,"href":"https:\/\/encuentroinformativo.com.mx\/index.php?rest_route=\/wp\/v2\/users\/1"}],"replies":[{"embeddable":true,"href":"https:\/\/encuentroinformativo.com.mx\/index.php?rest_route=%2Fwp%2Fv2%2Fcomments&post=2025"}],"version-history":[{"count":1,"href":"https:\/\/encuentroinformativo.com.mx\/index.php?rest_route=\/wp\/v2\/posts\/2025\/revisions"}],"predecessor-version":[{"id":2027,"href":"https:\/\/encuentroinformativo.com.mx\/index.php?rest_route=\/wp\/v2\/posts\/2025\/revisions\/2027"}],"wp:featuredmedia":[{"embeddable":true,"href":"https:\/\/encuentroinformativo.com.mx\/index.php?rest_route=\/wp\/v2\/media\/2026"}],"wp:attachment":[{"href":"https:\/\/encuentroinformativo.com.mx\/index.php?rest_route=%2Fwp%2Fv2%2Fmedia&parent=2025"}],"wp:term":[{"taxonomy":"category","embeddable":true,"href":"https:\/\/encuentroinformativo.com.mx\/index.php?rest_route=%2Fwp%2Fv2%2Fcategories&post=2025"},{"taxonomy":"post_tag","embeddable":true,"href":"https:\/\/encuentroinformativo.com.mx\/index.php?rest_route=%2Fwp%2Fv2%2Ftags&post=2025"}],"curies":[{"name":"wp","href":"https:\/\/api.w.org\/{rel}","templated":true}]}}