{"id":20256,"date":"2021-11-11T09:03:01","date_gmt":"2021-11-11T15:03:01","guid":{"rendered":"https:\/\/encuentroinformativo.com.mx\/?p=20256"},"modified":"2021-11-11T09:03:04","modified_gmt":"2021-11-11T15:03:04","slug":"diputado-demanda-apoyo-de-gobierno-para-carnaval","status":"publish","type":"post","link":"https:\/\/encuentroinformativo.com.mx\/?p=20256","title":{"rendered":"Diputado demanda apoyo de Gobierno para Carnaval"},"content":{"rendered":"\n<p><strong>Alejandro \u00c1vila<\/strong><\/p>\n\n\n\n<p>Veracruz, Ver.- El diputado local por Veracruz, Bingen Rementeria Molina, exigi\u00f3 al Gobierno del Estado que destine recurso para la realizaci\u00f3n del Carnaval, toda vez que es la fiesta m\u00e1s popular de la entidad.<\/p>\n\n\n\n<p>El legislador jarocho acus\u00f3 que si el gobierno municipal perteneciera a Morena, el mandatario adoptar\u00eda otra postura y \u201cme parece infantil, el berrinche que est\u00e1 haciendo\u201d.<\/p>\n\n\n\n<p>\u201cHacemos un llamado en\u00e9rgico que haga la pol\u00edtica a un lado y que apoye la fiesta de los veracruzanos, no se le puede ver de otra forma. Es una fiesta a la que vienen miles de personas, yo apuesto a que, si no gobernara un partido distinto al suyo, estar\u00edan apoyando. Porque han apoyado a otros carnavales m\u00e1s peque\u00f1os. Es una irresponsabilidad\u201d.<\/p>\n\n\n\n<p>Al respecto, dijo que la fiesta es de la ciudadan\u00eda, no de particulares, adem\u00e1s de la derrama econ\u00f3mica que genera a hoteleros, restauranteros y prestadores de servicios en general.<\/p>\n\n\n\n<p>\u201cFiesta privada, no s\u00e9 a qu\u00e9 se refiere, es una fiesta publica en la que varios desfiles incluso son gratuitos, y que genera una gran derrama econ\u00f3mica; me parece infantil que, porque no gobierna su partido el municipio, decida no apoyarlo\u201d, asest\u00f3.<\/p>\n\n\n\n<p>Sobre el apoyo en \u201cseguridad\u201d que prometi\u00f3 el mandatario, el legislador dijo que bridarla no debe ser considerada como \u201capoyo\u201d, pues es la obligaci\u00f3n del Estado.<\/p>\n\n\n\n<p>Rementer\u00eda Molina dijo que, aunque el Gobernador ha presumido su apoyo, cada a\u00f1o la seguridad corre a cargo de la Secretar\u00eda de Marina (SEMAR) y la Secretar\u00eda de Seguridad P\u00fablica (SSP).<\/p>\n\n\n\n<p>Cabe mencionar que, los mismos prestadores de servicios, hoteleros, restauranteros, han pedido que este a\u00f1o se considere la realizaci\u00f3n de las fiestas carnestolendas, pues en ediciones anteriores fue cancelada debido a la pandemia de COVID 19.<\/p>\n","protected":false},"excerpt":{"rendered":"<p>Alejandro \u00c1vila Veracruz, Ver.- El diputado local por Veracruz, Bingen Rementeria Molina, exigi\u00f3 al Gobierno del Estado que destine recurso para la realizaci\u00f3n del Carnaval, toda vez que es la fiesta m\u00e1s popular de la entidad. El legislador jarocho acus\u00f3 que si el gobierno municipal perteneciera a Morena, el mandatario adoptar\u00eda otra postura y \u201cme [&hellip;]<\/p>\n","protected":false},"author":1,"featured_media":20257,"comment_status":"open","ping_status":"open","sticky":false,"template":"","format":"standard","meta":{"_jetpack_memberships_contains_paid_content":false,"footnotes":""},"categories":[2],"tags":[],"class_list":["post-20256","post","type-post","status-publish","format-standard","has-post-thumbnail","hentry","category-estado"],"jetpack_featured_media_url":"https:\/\/encuentroinformativo.com.mx\/wp-content\/uploads\/2021\/11\/FE379F5D-863C-4D39-BCA6-2D98631946B3.jpeg","jetpack_sharing_enabled":true,"jetpack_likes_enabled":true,"amp_enabled":true,"_links":{"self":[{"href":"https:\/\/encuentroinformativo.com.mx\/index.php?rest_route=\/wp\/v2\/posts\/20256","targetHints":{"allow":["GET"]}}],"collection":[{"href":"https:\/\/encuentroinformativo.com.mx\/index.php?rest_route=\/wp\/v2\/posts"}],"about":[{"href":"https:\/\/encuentroinformativo.com.mx\/index.php?rest_route=\/wp\/v2\/types\/post"}],"author":[{"embeddable":true,"href":"https:\/\/encuentroinformativo.com.mx\/index.php?rest_route=\/wp\/v2\/users\/1"}],"replies":[{"embeddable":true,"href":"https:\/\/encuentroinformativo.com.mx\/index.php?rest_route=%2Fwp%2Fv2%2Fcomments&post=20256"}],"version-history":[{"count":1,"href":"https:\/\/encuentroinformativo.com.mx\/index.php?rest_route=\/wp\/v2\/posts\/20256\/revisions"}],"predecessor-version":[{"id":20258,"href":"https:\/\/encuentroinformativo.com.mx\/index.php?rest_route=\/wp\/v2\/posts\/20256\/revisions\/20258"}],"wp:featuredmedia":[{"embeddable":true,"href":"https:\/\/encuentroinformativo.com.mx\/index.php?rest_route=\/wp\/v2\/media\/20257"}],"wp:attachment":[{"href":"https:\/\/encuentroinformativo.com.mx\/index.php?rest_route=%2Fwp%2Fv2%2Fmedia&parent=20256"}],"wp:term":[{"taxonomy":"category","embeddable":true,"href":"https:\/\/encuentroinformativo.com.mx\/index.php?rest_route=%2Fwp%2Fv2%2Fcategories&post=20256"},{"taxonomy":"post_tag","embeddable":true,"href":"https:\/\/encuentroinformativo.com.mx\/index.php?rest_route=%2Fwp%2Fv2%2Ftags&post=20256"}],"curies":[{"name":"wp","href":"https:\/\/api.w.org\/{rel}","templated":true}]}}