{"id":20264,"date":"2021-11-11T11:37:19","date_gmt":"2021-11-11T17:37:19","guid":{"rendered":"https:\/\/encuentroinformativo.com.mx\/?p=20264"},"modified":"2021-11-11T11:37:22","modified_gmt":"2021-11-11T17:37:22","slug":"con-bloqueo-reclaman-locatarios-remodelacion-de-plaza-clavijero","status":"publish","type":"post","link":"https:\/\/encuentroinformativo.com.mx\/?p=20264","title":{"rendered":"Con bloqueo, reclaman locatarios remodelaci\u00f3n de Plaza Clavijero"},"content":{"rendered":"\n<p><strong>Juan Arcos<\/strong><\/p>\n\n\n\n<p>Xalapa, Ver.- Comerciantes de Plaza Clavijero protestaron y bloquearon calles en el centro de la ciudad para exigir al ayuntamiento de Xalapa la remodelaci\u00f3n del recinto comercial donde laboran.<\/p>\n\n\n\n<p>Los quejosos cerraron la calle Francisco Javier Clavijero, Revoluci\u00f3n y Guadalupe Victoria, situaci\u00f3n que ovacion\u00f3 un caos vial en la zona.<\/p>\n\n\n\n<p>Los manifestantes tambi\u00e9n demandaron que cese la represi\u00f3n y el hostigamiento por parte de las autoridades municipales, pues mencionaron que han acudi\u00f3 a Palacio Municipal en busca de una mesa de di\u00e1logo y han sido recibidos con polic\u00edas, como si fueran delincuentes.<\/p>\n\n\n\n<p>En sus pancartas se le\u00eda: &#8220;Hip\u00f3lito, represor del pueblo trabajador&#8221;, &#8220;el peor alcalde que ha tenido Xalapa es Hip\u00f3lito Rodr\u00edguez Herrero&#8221; y \u201crespeto al derecho del trabajo, alto a la represi\u00f3n&#8221;.<\/p>\n\n\n\n<p>De acuerdo con el presidente de Plaza Clavijero, Jos\u00e9 Luis Alfonso Casas, es urgente la reparaci\u00f3n del recinto comercial, ubicado sobre la calle Francisco Clavijero del centro de la capital veracruzana.<\/p>\n\n\n\n<p>Se requiere reparar los sanitarios y cuando llueve hay goteras en toda la plaza comercial.<\/p>\n\n\n\n<p>\u201cEs un descuido. Cuando llueve la plaza se gotea, falta luminaria y hay una infinidad de problem\u00e1ticas&#8221;, expres\u00f3 el l\u00edder de los vendedores.<\/p>\n\n\n\n<p>Los inconformes amagaron con bloquear las calles hasta que sean recibidos por autoridades municipales, en busca de una soluci\u00f3n a dichas problem\u00e1ticas.<\/p>\n","protected":false},"excerpt":{"rendered":"<p>Juan Arcos Xalapa, Ver.- Comerciantes de Plaza Clavijero protestaron y bloquearon calles en el centro de la ciudad para exigir al ayuntamiento de Xalapa la remodelaci\u00f3n del recinto comercial donde laboran. Los quejosos cerraron la calle Francisco Javier Clavijero, Revoluci\u00f3n y Guadalupe Victoria, situaci\u00f3n que ovacion\u00f3 un caos vial en la zona. Los manifestantes tambi\u00e9n [&hellip;]<\/p>\n","protected":false},"author":1,"featured_media":20265,"comment_status":"open","ping_status":"open","sticky":false,"template":"","format":"standard","meta":{"_jetpack_memberships_contains_paid_content":false,"footnotes":""},"categories":[3],"tags":[],"class_list":["post-20264","post","type-post","status-publish","format-standard","has-post-thumbnail","hentry","category-xalapa"],"jetpack_featured_media_url":"https:\/\/encuentroinformativo.com.mx\/wp-content\/uploads\/2021\/11\/FE9875D2-C3C1-480F-B98A-FDB5DBB6843A.jpeg","jetpack_sharing_enabled":true,"jetpack_likes_enabled":true,"amp_enabled":true,"_links":{"self":[{"href":"https:\/\/encuentroinformativo.com.mx\/index.php?rest_route=\/wp\/v2\/posts\/20264","targetHints":{"allow":["GET"]}}],"collection":[{"href":"https:\/\/encuentroinformativo.com.mx\/index.php?rest_route=\/wp\/v2\/posts"}],"about":[{"href":"https:\/\/encuentroinformativo.com.mx\/index.php?rest_route=\/wp\/v2\/types\/post"}],"author":[{"embeddable":true,"href":"https:\/\/encuentroinformativo.com.mx\/index.php?rest_route=\/wp\/v2\/users\/1"}],"replies":[{"embeddable":true,"href":"https:\/\/encuentroinformativo.com.mx\/index.php?rest_route=%2Fwp%2Fv2%2Fcomments&post=20264"}],"version-history":[{"count":1,"href":"https:\/\/encuentroinformativo.com.mx\/index.php?rest_route=\/wp\/v2\/posts\/20264\/revisions"}],"predecessor-version":[{"id":20266,"href":"https:\/\/encuentroinformativo.com.mx\/index.php?rest_route=\/wp\/v2\/posts\/20264\/revisions\/20266"}],"wp:featuredmedia":[{"embeddable":true,"href":"https:\/\/encuentroinformativo.com.mx\/index.php?rest_route=\/wp\/v2\/media\/20265"}],"wp:attachment":[{"href":"https:\/\/encuentroinformativo.com.mx\/index.php?rest_route=%2Fwp%2Fv2%2Fmedia&parent=20264"}],"wp:term":[{"taxonomy":"category","embeddable":true,"href":"https:\/\/encuentroinformativo.com.mx\/index.php?rest_route=%2Fwp%2Fv2%2Fcategories&post=20264"},{"taxonomy":"post_tag","embeddable":true,"href":"https:\/\/encuentroinformativo.com.mx\/index.php?rest_route=%2Fwp%2Fv2%2Ftags&post=20264"}],"curies":[{"name":"wp","href":"https:\/\/api.w.org\/{rel}","templated":true}]}}