{"id":20275,"date":"2021-11-11T14:53:51","date_gmt":"2021-11-11T20:53:51","guid":{"rendered":"https:\/\/encuentroinformativo.com.mx\/?p=20275"},"modified":"2021-11-11T14:53:54","modified_gmt":"2021-11-11T20:53:54","slug":"reitera-gobernador-si-habra-apoyo-para-carnaval","status":"publish","type":"post","link":"https:\/\/encuentroinformativo.com.mx\/?p=20275","title":{"rendered":"Reitera Gobernador, s\u00ed habr\u00e1 apoyo para Carnaval"},"content":{"rendered":"\n<p><strong>Juan Arcos<\/strong><\/p>\n\n\n\n<p>Xalapa, Ver.- El gobernador de Veracruz, Cuitl\u00e1huac Garc\u00eda Jim\u00e9nez, asegur\u00f3 que se apoyar\u00e1 al ayuntamiento porte\u00f1o para la realizaci\u00f3n del Carnaval de Veracruz, el siguiente a\u00f1o, pero enfatiz\u00f3 que su administraci\u00f3n no otorgar\u00e1 recursos econ\u00f3micos para ello.<\/p>\n\n\n\n<p>En conferencia de prensa, el mandatario estatal indic\u00f3 que deber\u00e1 coordinarse con el alcalde del puerto, Fernando Yunes M\u00e1rquez, en busca de un convenio institucional.<\/p>\n\n\n\n<p>\u201cPatricia Lobeira, entiendo que es la candidata a alcaldesa, yo tengo que entenderme con el Alcalde. No es con la autoridad electa, es con la autoridad actual y ya se ver\u00e1 el convenio que se tenga que realizar. Pero anticipo, s\u00ed vamos apoyar al Carnaval, pero esas formas que yo te doy dinero en efectivo y \u00fasalo como quieras, eso ya no\u201d, expres\u00f3.<\/p>\n\n\n\n<p>Desde Palacio de Gobierno, dijo tener inter\u00e9s en la realizaci\u00f3n del evento, mismo que genera una importante derrama econ\u00f3mica y se realizar\u00eda del 23 de febrero al 1 de marzo.<\/p>\n\n\n\n<p>El titular del Poder Ejecutivo enfatiz\u00f3 que su administraci\u00f3n no permitir\u00e1 que haya una malversaci\u00f3n de fondos en la Organizaci\u00f3n y realizaci\u00f3n del evento tur\u00edstico m\u00e1s importante de Veracruz.<\/p>\n\n\n\n<p>\u201cSi no entonces es como vente en lo oscurito, te doy tantos millones y t\u00fa dices a la prensa que son 15, pero van 10 y 5 para ac\u00e1, se acab\u00f3 eso, pues yo no le entro a eso. Se quedaron acostumbrados a eso, pues paso. No es as\u00ed\u201d, insisti\u00f3.<\/p>\n\n\n\n<p>Garc\u00eda Jim\u00e9nez indic\u00f3 que su gobierno apoyar\u00eda en garantizar la seguridad y brindar\u00eda publicidad para que los turistas acudan al Carnaval, toda vez que \u00e9ste representa una oportunidad para reactivar la econ\u00f3mica.<\/p>\n\n\n\n<p>Cabe recordar que el sector hotelero y restaurantero ha sido uno de los m\u00e1s afectados econ\u00f3micamente por la pandemia del SARS-COV-2 (COVID-19) tras la ca\u00edda de la actividad tur\u00edstica en la entidad.<\/p>\n\n\n\n<p>&#8220;Pero cheques en blanco, eso lo siento mucho, pero eso ya se acab\u00f3. Todo lo que necesiten, podemos sentarnos y acordar sin problema\u201d, insisti\u00f3 el Gobernador de Veracruz.<\/p>\n","protected":false},"excerpt":{"rendered":"<p>Juan Arcos Xalapa, Ver.- El gobernador de Veracruz, Cuitl\u00e1huac Garc\u00eda Jim\u00e9nez, asegur\u00f3 que se apoyar\u00e1 al ayuntamiento porte\u00f1o para la realizaci\u00f3n del Carnaval de Veracruz, el siguiente a\u00f1o, pero enfatiz\u00f3 que su administraci\u00f3n no otorgar\u00e1 recursos econ\u00f3micos para ello. En conferencia de prensa, el mandatario estatal indic\u00f3 que deber\u00e1 coordinarse con el alcalde del puerto, [&hellip;]<\/p>\n","protected":false},"author":1,"featured_media":20276,"comment_status":"open","ping_status":"open","sticky":false,"template":"","format":"standard","meta":{"_jetpack_memberships_contains_paid_content":false,"footnotes":""},"categories":[2],"tags":[],"class_list":["post-20275","post","type-post","status-publish","format-standard","has-post-thumbnail","hentry","category-estado"],"jetpack_featured_media_url":"https:\/\/encuentroinformativo.com.mx\/wp-content\/uploads\/2021\/11\/72D718BC-450D-4CE8-9AD9-DC585E579DFB.jpeg","jetpack_sharing_enabled":true,"jetpack_likes_enabled":true,"amp_enabled":true,"_links":{"self":[{"href":"https:\/\/encuentroinformativo.com.mx\/index.php?rest_route=\/wp\/v2\/posts\/20275","targetHints":{"allow":["GET"]}}],"collection":[{"href":"https:\/\/encuentroinformativo.com.mx\/index.php?rest_route=\/wp\/v2\/posts"}],"about":[{"href":"https:\/\/encuentroinformativo.com.mx\/index.php?rest_route=\/wp\/v2\/types\/post"}],"author":[{"embeddable":true,"href":"https:\/\/encuentroinformativo.com.mx\/index.php?rest_route=\/wp\/v2\/users\/1"}],"replies":[{"embeddable":true,"href":"https:\/\/encuentroinformativo.com.mx\/index.php?rest_route=%2Fwp%2Fv2%2Fcomments&post=20275"}],"version-history":[{"count":1,"href":"https:\/\/encuentroinformativo.com.mx\/index.php?rest_route=\/wp\/v2\/posts\/20275\/revisions"}],"predecessor-version":[{"id":20277,"href":"https:\/\/encuentroinformativo.com.mx\/index.php?rest_route=\/wp\/v2\/posts\/20275\/revisions\/20277"}],"wp:featuredmedia":[{"embeddable":true,"href":"https:\/\/encuentroinformativo.com.mx\/index.php?rest_route=\/wp\/v2\/media\/20276"}],"wp:attachment":[{"href":"https:\/\/encuentroinformativo.com.mx\/index.php?rest_route=%2Fwp%2Fv2%2Fmedia&parent=20275"}],"wp:term":[{"taxonomy":"category","embeddable":true,"href":"https:\/\/encuentroinformativo.com.mx\/index.php?rest_route=%2Fwp%2Fv2%2Fcategories&post=20275"},{"taxonomy":"post_tag","embeddable":true,"href":"https:\/\/encuentroinformativo.com.mx\/index.php?rest_route=%2Fwp%2Fv2%2Ftags&post=20275"}],"curies":[{"name":"wp","href":"https:\/\/api.w.org\/{rel}","templated":true}]}}