{"id":2028,"date":"2020-04-22T13:31:12","date_gmt":"2020-04-22T18:31:12","guid":{"rendered":"https:\/\/encuentroinformativo.com\/?p=2028"},"modified":"2020-04-22T13:31:14","modified_gmt":"2020-04-22T18:31:14","slug":"prd-pide-investigar-compra-de-ambulancias-de-gobierno","status":"publish","type":"post","link":"https:\/\/encuentroinformativo.com.mx\/?p=2028","title":{"rendered":"PRD pide investigar compra de ambulancias de Gobierno"},"content":{"rendered":"\n<p><strong>Juan Arcos <\/strong><\/p>\n\n\n\n<p>Xalapa, Ver.- El dirigente estatal del Partido de la Revoluci\u00f3n Democr\u00e1tica (PRD), Jes\u00fas Vel\u00e1zquez Flores, reprob\u00f3 que el gobierno estatal haya adquirido 20 ambulancias a sobreprecio y por adjudicaci\u00f3n directa.<\/p>\n\n\n\n<p>\u201cSe debe investigar si los precios est\u00e1n inflados, si se pag\u00f3 de m\u00e1s, porque es una ma\u00f1a muy com\u00fan del gobierno del estado, ser\u00eda muy importante que la Fiscal\u00eda, que ha sido tan se\u00f1alada, demuestre que hace las cosas conforme a derecho\u201d.<\/p>\n\n\n\n<p>Cabe recordar que la Secretar\u00eda de Salud estatal pag\u00f3 por las unidades casi 18 millones de pesos, sin una licitaci\u00f3n p\u00fablica como lo establece la ley en la materia.<\/p>\n\n\n\n<p>Se trata de 15 ambulancias de traslado y cinco de cuidados intensivos adquiridos a la empresa Ambulancia Network, con domicilio en la Ciudad de M\u00e9xico.<\/p>\n\n\n\n<p>En ese sentido, el l\u00edder perredista en Veracruz reproch\u00f3 que el discurso de honestidad que pregonan los gobiernos de la Cuarta Transformaci\u00f3n (4T) solo ha quedado en el papel.<\/p>\n\n\n\n<p>Adem\u00e1s, Vel\u00e1zquez Flores consider\u00f3 que las unidades fueron adquiridas con recursos del Seguro Popular y no de los ahorros estatales, adem\u00e1s de que se dej\u00f3 de lado a las empresas locales y se adquirieron con una for\u00e1nea.<\/p>\n\n\n\n<p>\u201cEs una obligaci\u00f3n de la Auditor\u00eda Superior de la Federaci\u00f3n, as\u00ed como del \u00d3rgano de Fiscalizaci\u00f3n de Veracruz, investigar el origen de los recursos, detectar de d\u00f3nde vienen, ver los precios y la Fiscal\u00eda General del Estado (FGE) tendr\u00eda que iniciar una acci\u00f3n legal\u201d, a\u00f1adi\u00f3.<\/p>\n\n\n\n<p>Finalmente, el dirigente estatal del Sol Azteca opin\u00f3 que el gobierno estatal est\u00e1 empleando un doble discurso, al adquirir ambulancias, a su juicio, de forma ilegal.<\/p>\n","protected":false},"excerpt":{"rendered":"<p>Juan Arcos Xalapa, Ver.- El dirigente estatal del Partido de la Revoluci\u00f3n Democr\u00e1tica (PRD), Jes\u00fas Vel\u00e1zquez Flores, reprob\u00f3 que el gobierno estatal haya adquirido 20 ambulancias a sobreprecio y por adjudicaci\u00f3n directa. \u201cSe debe investigar si los precios est\u00e1n inflados, si se pag\u00f3 de m\u00e1s, porque es una ma\u00f1a muy com\u00fan del gobierno del estado, [&hellip;]<\/p>\n","protected":false},"author":1,"featured_media":2029,"comment_status":"open","ping_status":"open","sticky":false,"template":"","format":"standard","meta":{"_jetpack_memberships_contains_paid_content":false,"footnotes":""},"categories":[2],"tags":[],"class_list":["post-2028","post","type-post","status-publish","format-standard","has-post-thumbnail","hentry","category-estado"],"jetpack_featured_media_url":"https:\/\/encuentroinformativo.com.mx\/wp-content\/uploads\/2020\/04\/CFE3A87B-5A63-4621-8354-62B6E5FC1B53.jpeg","jetpack_sharing_enabled":true,"jetpack_likes_enabled":true,"amp_enabled":true,"_links":{"self":[{"href":"https:\/\/encuentroinformativo.com.mx\/index.php?rest_route=\/wp\/v2\/posts\/2028","targetHints":{"allow":["GET"]}}],"collection":[{"href":"https:\/\/encuentroinformativo.com.mx\/index.php?rest_route=\/wp\/v2\/posts"}],"about":[{"href":"https:\/\/encuentroinformativo.com.mx\/index.php?rest_route=\/wp\/v2\/types\/post"}],"author":[{"embeddable":true,"href":"https:\/\/encuentroinformativo.com.mx\/index.php?rest_route=\/wp\/v2\/users\/1"}],"replies":[{"embeddable":true,"href":"https:\/\/encuentroinformativo.com.mx\/index.php?rest_route=%2Fwp%2Fv2%2Fcomments&post=2028"}],"version-history":[{"count":1,"href":"https:\/\/encuentroinformativo.com.mx\/index.php?rest_route=\/wp\/v2\/posts\/2028\/revisions"}],"predecessor-version":[{"id":2030,"href":"https:\/\/encuentroinformativo.com.mx\/index.php?rest_route=\/wp\/v2\/posts\/2028\/revisions\/2030"}],"wp:featuredmedia":[{"embeddable":true,"href":"https:\/\/encuentroinformativo.com.mx\/index.php?rest_route=\/wp\/v2\/media\/2029"}],"wp:attachment":[{"href":"https:\/\/encuentroinformativo.com.mx\/index.php?rest_route=%2Fwp%2Fv2%2Fmedia&parent=2028"}],"wp:term":[{"taxonomy":"category","embeddable":true,"href":"https:\/\/encuentroinformativo.com.mx\/index.php?rest_route=%2Fwp%2Fv2%2Fcategories&post=2028"},{"taxonomy":"post_tag","embeddable":true,"href":"https:\/\/encuentroinformativo.com.mx\/index.php?rest_route=%2Fwp%2Fv2%2Ftags&post=2028"}],"curies":[{"name":"wp","href":"https:\/\/api.w.org\/{rel}","templated":true}]}}