{"id":20287,"date":"2021-11-11T16:55:13","date_gmt":"2021-11-11T22:55:13","guid":{"rendered":"https:\/\/encuentroinformativo.com.mx\/?p=20287"},"modified":"2021-11-11T16:55:17","modified_gmt":"2021-11-11T22:55:17","slug":"mientras-se-aprueba-funcionarios-pueden-promover-consulta-de-revocacion","status":"publish","type":"post","link":"https:\/\/encuentroinformativo.com.mx\/?p=20287","title":{"rendered":"Mientras se aprueba, funcionarios pueden promover consulta de revocaci\u00f3n"},"content":{"rendered":"\n<p><strong>Dar\u00edo Pale<\/strong><\/p>\n\n\n\n<p>Xalapa, Ver.- El Vocal Ejecutivo de la Junta Local Ejecutiva del Instituto Nacional Electoral (INE), Josu\u00e9 Cervantes Mart\u00ednez dio a conocer que los funcionarios p\u00fablicos pueden promover consulta para revocaci\u00f3n de mandato, mientras esta a\u00fan no se apruebe.<\/p>\n\n\n\n<p>Entrevistado en las instalaciones del OPLE se\u00f1al\u00f3 que los funcionarios p\u00fablicos de los tres niveles de gobierno podr\u00e1n promover la consulta p\u00fablica y el acopio de firmas para que proceda la revocaci\u00f3n de mandato en el pa\u00eds, s\u00f3lo durante el periodo previo a su aprobaci\u00f3n, pues de lo contrario infringir\u00edan la Ley.<\/p>\n\n\n\n<p>\u201cAplica para toda personas que sea servidora p\u00fablica, desde el m\u00e1s alto nivel hasta el m\u00e1s modesto cargo y adem\u00e1s en las tres esferas de gobierno: Federal, Estatal y Municipal, porque no se pueden utilizar recursos p\u00fablicos para este ejercicio de revocaci\u00f3n de mandato&#8221;, se\u00f1al\u00f3.<\/p>\n\n\n\n<p>&#8220;Recordemos que a\u00fan no se lleva a cabo. No hay todav\u00eda revocaci\u00f3n de mandato. Tiene que cubrirse el requisito del tres por ciento, previamente y entonces ya estar\u00edamos hablando de momento, en que no se debe de estar promoviendo\u201d, agreg\u00f3.<\/p>\n\n\n\n<p>Se\u00f1al\u00f3 que recientemente el Tribunal Electoral del Poder Judicial desech\u00f3 la queja de un partido pol\u00edtico por la menci\u00f3n que hizo un funcionario sobre la consulta para la revocaci\u00f3n, ya que a\u00fan no se realiza y no se ha validado que la revocaci\u00f3n proceda.<\/p>\n\n\n\n<p>Dio a conocer que una vez que se apruebe tras lograr por lo menos el tres por ciento del total del padr\u00f3n electoral en 17 estados, todos los servidores p\u00fablicos deber\u00e1n abstenerse de pronunciarse a favor de la revocaci\u00f3n \u00a0para no ser sancionados.<\/p>\n\n\n\n<p>Finalmente dio a conocer que hasta ahora, en Veracruz 6 mil 800 personas cumplieron los requisitos para recabar firmas de apoyo ciudadano para la consulta que se realizar\u00e1 el pr\u00f3ximo 10 de abril.<\/p>\n","protected":false},"excerpt":{"rendered":"<p>Dar\u00edo Pale Xalapa, Ver.- El Vocal Ejecutivo de la Junta Local Ejecutiva del Instituto Nacional Electoral (INE), Josu\u00e9 Cervantes Mart\u00ednez dio a conocer que los funcionarios p\u00fablicos pueden promover consulta para revocaci\u00f3n de mandato, mientras esta a\u00fan no se apruebe. Entrevistado en las instalaciones del OPLE se\u00f1al\u00f3 que los funcionarios p\u00fablicos de los tres niveles [&hellip;]<\/p>\n","protected":false},"author":1,"featured_media":20288,"comment_status":"open","ping_status":"open","sticky":false,"template":"","format":"standard","meta":{"_jetpack_memberships_contains_paid_content":false,"footnotes":""},"categories":[2],"tags":[],"class_list":["post-20287","post","type-post","status-publish","format-standard","has-post-thumbnail","hentry","category-estado"],"jetpack_featured_media_url":"https:\/\/encuentroinformativo.com.mx\/wp-content\/uploads\/2021\/11\/92DEACA4-D990-47F0-A71D-E81DB93B5763.jpeg","jetpack_sharing_enabled":true,"jetpack_likes_enabled":true,"amp_enabled":true,"_links":{"self":[{"href":"https:\/\/encuentroinformativo.com.mx\/index.php?rest_route=\/wp\/v2\/posts\/20287","targetHints":{"allow":["GET"]}}],"collection":[{"href":"https:\/\/encuentroinformativo.com.mx\/index.php?rest_route=\/wp\/v2\/posts"}],"about":[{"href":"https:\/\/encuentroinformativo.com.mx\/index.php?rest_route=\/wp\/v2\/types\/post"}],"author":[{"embeddable":true,"href":"https:\/\/encuentroinformativo.com.mx\/index.php?rest_route=\/wp\/v2\/users\/1"}],"replies":[{"embeddable":true,"href":"https:\/\/encuentroinformativo.com.mx\/index.php?rest_route=%2Fwp%2Fv2%2Fcomments&post=20287"}],"version-history":[{"count":1,"href":"https:\/\/encuentroinformativo.com.mx\/index.php?rest_route=\/wp\/v2\/posts\/20287\/revisions"}],"predecessor-version":[{"id":20289,"href":"https:\/\/encuentroinformativo.com.mx\/index.php?rest_route=\/wp\/v2\/posts\/20287\/revisions\/20289"}],"wp:featuredmedia":[{"embeddable":true,"href":"https:\/\/encuentroinformativo.com.mx\/index.php?rest_route=\/wp\/v2\/media\/20288"}],"wp:attachment":[{"href":"https:\/\/encuentroinformativo.com.mx\/index.php?rest_route=%2Fwp%2Fv2%2Fmedia&parent=20287"}],"wp:term":[{"taxonomy":"category","embeddable":true,"href":"https:\/\/encuentroinformativo.com.mx\/index.php?rest_route=%2Fwp%2Fv2%2Fcategories&post=20287"},{"taxonomy":"post_tag","embeddable":true,"href":"https:\/\/encuentroinformativo.com.mx\/index.php?rest_route=%2Fwp%2Fv2%2Ftags&post=20287"}],"curies":[{"name":"wp","href":"https:\/\/api.w.org\/{rel}","templated":true}]}}