{"id":20290,"date":"2021-11-11T17:32:09","date_gmt":"2021-11-11T23:32:09","guid":{"rendered":"https:\/\/encuentroinformativo.com.mx\/?p=20290"},"modified":"2021-11-11T17:32:12","modified_gmt":"2021-11-11T23:32:12","slug":"fesapauv-pide-refuerzo-de-la-vacuna-cansino-para-docentes-de-uv","status":"publish","type":"post","link":"https:\/\/encuentroinformativo.com.mx\/?p=20290","title":{"rendered":"FESAPAUV pide refuerzo de la vacuna CanSino para docentes de UV"},"content":{"rendered":"\n<p><strong>Alejandro \u00c1vila<\/strong><\/p>\n\n\n\n<p>Veracruz, Ver.- El Sindicato Estatal del Personal Acad\u00e9mico de la Universidad Veracruzana (FESAPAUV), ya hizo extensiva la solicitud para que se haga un refuerzo de la vacuna CanSino al personal de la Universidad Veracruzana.<\/p>\n\n\n\n<p>El secretario general de la organizaci\u00f3n sindical, Enrique Levet Gorozpe, asegue\u00f3 que los docentes est\u00e1n de acuerdo en volver a las clases presenciales el pr\u00f3ximo semestre siempre y cuando se den las condiciones de seguridad sanitaria.<\/p>\n\n\n\n<p>&#8220;Que los compa\u00f1eros se sientan seguros, que haya certeza en la medida de que pudieran regresar a clases con las condiciones adecuadas y las medidas protocolarias\u2026no se ha regresado (a clases), ha habido intentos de regreso para ir probando.<\/p>\n\n\n\n<p>Hay grupos de maestros y tienen raz\u00f3n, que la vacuna que le pusieron a la mayor\u00eda -CanSino-, y que est\u00e1 muy cuestionada; se haga una vacunaci\u00f3n de refuerzo&#8221;, subray\u00f3.<\/p>\n\n\n\n<p>El dirigente gremial aclar\u00f3 que este asunto no lo tratan con las autoridades de Salud estatal o federal, sino con la misma Universidad Veracruzana.<\/p>\n\n\n\n<p>En ese sentido, Levet Gorozpe record\u00f3 que la Comisi\u00f3n de Higiene y Seguridad que est\u00e1 establecida en el Contrato Colectivo de Trabajo, ya se plante\u00f3 que se haga el refuerzo de la vacuna, ya que son las necesidades que plantea dicha comisi\u00f3n que es mixta y paritaria para que haya mayores garant\u00edas de seguridad para los acad\u00e9micos.<\/p>\n","protected":false},"excerpt":{"rendered":"<p>Alejandro \u00c1vila Veracruz, Ver.- El Sindicato Estatal del Personal Acad\u00e9mico de la Universidad Veracruzana (FESAPAUV), ya hizo extensiva la solicitud para que se haga un refuerzo de la vacuna CanSino al personal de la Universidad Veracruzana. El secretario general de la organizaci\u00f3n sindical, Enrique Levet Gorozpe, asegue\u00f3 que los docentes est\u00e1n de acuerdo en volver [&hellip;]<\/p>\n","protected":false},"author":1,"featured_media":20291,"comment_status":"open","ping_status":"open","sticky":false,"template":"","format":"standard","meta":{"_jetpack_memberships_contains_paid_content":false,"footnotes":""},"categories":[9],"tags":[],"class_list":["post-20290","post","type-post","status-publish","format-standard","has-post-thumbnail","hentry","category-salud"],"jetpack_featured_media_url":"https:\/\/encuentroinformativo.com.mx\/wp-content\/uploads\/2021\/11\/62201913-EB70-4043-AC01-C99A0F452224.jpeg","jetpack_sharing_enabled":true,"jetpack_likes_enabled":true,"amp_enabled":true,"_links":{"self":[{"href":"https:\/\/encuentroinformativo.com.mx\/index.php?rest_route=\/wp\/v2\/posts\/20290","targetHints":{"allow":["GET"]}}],"collection":[{"href":"https:\/\/encuentroinformativo.com.mx\/index.php?rest_route=\/wp\/v2\/posts"}],"about":[{"href":"https:\/\/encuentroinformativo.com.mx\/index.php?rest_route=\/wp\/v2\/types\/post"}],"author":[{"embeddable":true,"href":"https:\/\/encuentroinformativo.com.mx\/index.php?rest_route=\/wp\/v2\/users\/1"}],"replies":[{"embeddable":true,"href":"https:\/\/encuentroinformativo.com.mx\/index.php?rest_route=%2Fwp%2Fv2%2Fcomments&post=20290"}],"version-history":[{"count":1,"href":"https:\/\/encuentroinformativo.com.mx\/index.php?rest_route=\/wp\/v2\/posts\/20290\/revisions"}],"predecessor-version":[{"id":20292,"href":"https:\/\/encuentroinformativo.com.mx\/index.php?rest_route=\/wp\/v2\/posts\/20290\/revisions\/20292"}],"wp:featuredmedia":[{"embeddable":true,"href":"https:\/\/encuentroinformativo.com.mx\/index.php?rest_route=\/wp\/v2\/media\/20291"}],"wp:attachment":[{"href":"https:\/\/encuentroinformativo.com.mx\/index.php?rest_route=%2Fwp%2Fv2%2Fmedia&parent=20290"}],"wp:term":[{"taxonomy":"category","embeddable":true,"href":"https:\/\/encuentroinformativo.com.mx\/index.php?rest_route=%2Fwp%2Fv2%2Fcategories&post=20290"},{"taxonomy":"post_tag","embeddable":true,"href":"https:\/\/encuentroinformativo.com.mx\/index.php?rest_route=%2Fwp%2Fv2%2Ftags&post=20290"}],"curies":[{"name":"wp","href":"https:\/\/api.w.org\/{rel}","templated":true}]}}