{"id":20296,"date":"2021-11-11T19:03:21","date_gmt":"2021-11-12T01:03:21","guid":{"rendered":"https:\/\/encuentroinformativo.com.mx\/?p=20296"},"modified":"2021-11-11T19:03:24","modified_gmt":"2021-11-12T01:03:24","slug":"seremos-una-oposicion-critica-y-constructiva-marlon-ramirez","status":"publish","type":"post","link":"https:\/\/encuentroinformativo.com.mx\/?p=20296","title":{"rendered":"Seremos una oposici\u00f3n cr\u00edtica y constructiva: Marlon Ram\u00edrez"},"content":{"rendered":"\n<p>Xalapa, Ver.- Seremos una oposici\u00f3n cr\u00edtica y constructiva, y parafraseando al opositor por excelencia de este pa\u00eds, \u201cejerceremos nuestro derecho de disentir a plenitud\u201d, puntualiz\u00f3, Marlon Ram\u00edrez Mar\u00edn, diputado local integrante del Grupo Parlamentario del PRI en la LXVI Legislatura del Congreso de Veracruz.<\/p>\n\n\n\n<p>Durante la segunda sesi\u00f3n ordinaria, del primer periodo de sesiones del primer a\u00f1o de ejercicio constitucional, en su primera intervenci\u00f3n ante el pleno para externar un posicionamiento del PRI respecto a su desempe\u00f1o como legisladores en esta soberan\u00eda, asever\u00f3 que se comprometen a que su desempe\u00f1o sea claro, de frente, con convicci\u00f3n, y con la apuesta de una sana deliberaci\u00f3n de ideas, donde la raz\u00f3n se ubique m\u00e1s cerca de la verdad y bienestar social.<\/p>\n\n\n\n<p>\u201cNo nos interesa jugar a las vencidas, tenemos certeza de que queremos un Veracruz mejor para todos, porque si el trabajo que realizamos en este recinto no cumple las expectativas o no mejoramos las condiciones de vida de todos, entonces no seremos recordados como buenos legisladores\u201d, expres\u00f3&nbsp;<\/p>\n\n\n\n<p>El diputado local priista, refiri\u00f3 que el PRI ser\u00e1 una oposici\u00f3n jur\u00eddica, normativa, informada y rigurosa. \u201cNo usaremos la diatriba, la falta de respeto, ni la ofensa para avanzar en nuestros fines pol\u00edticos, esperamos nos sea correspondido de la misma manera.\u201d<\/p>\n\n\n\n<p>Pidi\u00f3 a Juan Javier G\u00f3mez Cazar\u00edn, diputado local y coordinador del Grupo Parlamentario de MORENA, por medio de su persona, transmitir a Cuitl\u00e1huac Garc\u00eda Jim\u00e9nez, gobernador de Veracruz, que como oposici\u00f3n le tomar\u00e1n la palabra, respecto a que ser\u00e1 tolerante a la cr\u00edtica, y abierto a mejorar el desempe\u00f1o de su gobierno mediante justificaci\u00f3n expresa de los diputados locales, como lo expres\u00f3 ante la Comisi\u00f3n de Cortes\u00eda de la Legislatura, que recibi\u00f3 en Palacio de Gobierno hace unos d\u00edas.<\/p>\n\n\n\n<p>Marlon Ram\u00edrez Mar\u00edn, resalt\u00f3 que lo que suceda en la Legislatura tiene un impacto en la vida de todos los veracruzanos, independientemente de la opci\u00f3n por la que hayan sufragado, sin embargo, se debe asumir la responsabilidad de la decisi\u00f3n en las elecciones, y se debe exigir a los diputados que mantengan una conducta apegada a los ofrecimientos y a las mejoras de cambio, ofertadas por cada partido pol\u00edtico.<\/p>\n\n\n\n<p>Critic\u00f3 que, haciendo gala de la argumentaci\u00f3n pol\u00edtica del m\u00e1s alto nivel, tanto en el Congreso de la Uni\u00f3n, como en la tribuna m\u00e1s alta del estado de Veracruz, siendo esta, objeto de debates por los integrantes de la Sexag\u00e9sima Quinta Legislatura, citaran a Bobbio, a Marx, a Plat\u00f3n y a Cicer\u00f3n, y relataran las teor\u00edas del estado, la rep\u00fablica, el socialismo, el comunismo, el libre mercado, y el neoliberalismo tan citado en estos tiempos, para al final, obtener el mismo resultado.<\/p>\n\n\n\n<p>\u201cA los dict\u00e1menes no se les modifica ni una coma, y eso parece que quiere inscribirse, no como jurisprudencia, sino como ley\u201d, y agreg\u00f3 que el amor a Veracruz, debe ser m\u00e1s fuerte que cualquier costumbre, y m\u00e1ximo, cuando por costumbre se quiere instaurar el sometimiento de la Legislatura a otro poder.<\/p>\n\n\n\n<p>Para concluir su intervenci\u00f3n, el diputado local priista, cit\u00f3 a uno de los l\u00edderes sociales m\u00e1s influyentes de nuestra \u00e9poca, a quien ning\u00fan integrante del PRI de Veracruz, le ha regateado ni su inteligencia, ni su astucia, ni su devoci\u00f3n por los que menos tienen en este pa\u00eds.<\/p>\n\n\n\n<p>\u201cDiputadas y diputados, no soy ingenuo, ustedes ya recibieron la orden de los jefes de sus partidos y van a actuar por consigna, aunque se hagan llamar representantes populares, ustedes me van a juzgar, pero no olviden que todav\u00eda falta que a ustedes y a m\u00ed, nos juzgue la historia, \u00a1viva la dignidad! y \u00a1viva M\u00e9xico!\u201d (Andr\u00e9s Manuel L\u00f3pez Obrador, 2005)\u201d, manifest\u00f3.<\/p>\n","protected":false},"excerpt":{"rendered":"<p>Xalapa, Ver.- Seremos una oposici\u00f3n cr\u00edtica y constructiva, y parafraseando al opositor por excelencia de este pa\u00eds, \u201cejerceremos nuestro derecho de disentir a plenitud\u201d, puntualiz\u00f3, Marlon Ram\u00edrez Mar\u00edn, diputado local integrante del Grupo Parlamentario del PRI en la LXVI Legislatura del Congreso de Veracruz. Durante la segunda sesi\u00f3n ordinaria, del primer periodo de sesiones del [&hellip;]<\/p>\n","protected":false},"author":1,"featured_media":20297,"comment_status":"open","ping_status":"open","sticky":false,"template":"","format":"standard","meta":{"_jetpack_memberships_contains_paid_content":false,"footnotes":""},"categories":[2],"tags":[],"class_list":["post-20296","post","type-post","status-publish","format-standard","has-post-thumbnail","hentry","category-estado"],"jetpack_featured_media_url":"https:\/\/encuentroinformativo.com.mx\/wp-content\/uploads\/2021\/11\/E8CBE72E-AD54-483E-8869-AD8692D25EB3.jpeg","jetpack_sharing_enabled":true,"jetpack_likes_enabled":true,"amp_enabled":true,"_links":{"self":[{"href":"https:\/\/encuentroinformativo.com.mx\/index.php?rest_route=\/wp\/v2\/posts\/20296","targetHints":{"allow":["GET"]}}],"collection":[{"href":"https:\/\/encuentroinformativo.com.mx\/index.php?rest_route=\/wp\/v2\/posts"}],"about":[{"href":"https:\/\/encuentroinformativo.com.mx\/index.php?rest_route=\/wp\/v2\/types\/post"}],"author":[{"embeddable":true,"href":"https:\/\/encuentroinformativo.com.mx\/index.php?rest_route=\/wp\/v2\/users\/1"}],"replies":[{"embeddable":true,"href":"https:\/\/encuentroinformativo.com.mx\/index.php?rest_route=%2Fwp%2Fv2%2Fcomments&post=20296"}],"version-history":[{"count":1,"href":"https:\/\/encuentroinformativo.com.mx\/index.php?rest_route=\/wp\/v2\/posts\/20296\/revisions"}],"predecessor-version":[{"id":20298,"href":"https:\/\/encuentroinformativo.com.mx\/index.php?rest_route=\/wp\/v2\/posts\/20296\/revisions\/20298"}],"wp:featuredmedia":[{"embeddable":true,"href":"https:\/\/encuentroinformativo.com.mx\/index.php?rest_route=\/wp\/v2\/media\/20297"}],"wp:attachment":[{"href":"https:\/\/encuentroinformativo.com.mx\/index.php?rest_route=%2Fwp%2Fv2%2Fmedia&parent=20296"}],"wp:term":[{"taxonomy":"category","embeddable":true,"href":"https:\/\/encuentroinformativo.com.mx\/index.php?rest_route=%2Fwp%2Fv2%2Fcategories&post=20296"},{"taxonomy":"post_tag","embeddable":true,"href":"https:\/\/encuentroinformativo.com.mx\/index.php?rest_route=%2Fwp%2Fv2%2Ftags&post=20296"}],"curies":[{"name":"wp","href":"https:\/\/api.w.org\/{rel}","templated":true}]}}