{"id":20299,"date":"2021-11-11T19:18:34","date_gmt":"2021-11-12T01:18:34","guid":{"rendered":"https:\/\/encuentroinformativo.com.mx\/?p=20299"},"modified":"2021-11-11T19:18:38","modified_gmt":"2021-11-12T01:18:38","slug":"avala-pleno-calendario-de-comparecencias-por-iii-informe-de-gobierno","status":"publish","type":"post","link":"https:\/\/encuentroinformativo.com.mx\/?p=20299","title":{"rendered":"Avala Pleno calendario de comparecencias por III Informe de Gobierno"},"content":{"rendered":"\n<p><strong>*El Gobernador del Estado comparecer\u00e1 ante el Pleno el lunes 13 de diciembre de 2021 a las 11:00 horas, en el Recinto Oficial de Sesiones.<\/strong><\/p>\n\n\n\n<p>Xalapa, Ver.- Las y los diputados de la LXVI Legislatura, avalaron el Acuerdo de la Junta de Coordinaci\u00f3n Pol\u00edtica (Jucopo), por el cual se establece el calendario de comparecencias de los titulares de las dependencias del Poder Ejecutivo del Estado, como parte de la glosa del Tercer Informe de Gobierno, del mandatario estatal, ingeniero Cuitl\u00e1huac Garc\u00eda Jim\u00e9nez.<\/p>\n\n\n\n<p>Asimismo, se acord\u00f3 que \u00e9stas se realicen en el auditorio Sebasti\u00e1n Lerdo de Tejada del Palacio Legislativo, quedando de la siguiente manera:<\/p>\n\n\n\n<p>La Secretar\u00eda de Gobierno (Segob), comparecer\u00e1 el 22 de noviembre a las 10:00 horas, ante la Comisi\u00f3n Permanente de Gobernaci\u00f3n. En tanto la Secretar\u00eda de Finanzas y Planeaci\u00f3n (Sefiplan), lo har\u00e1 el 23 de noviembre a las 10:00 horas, ante la Comisi\u00f3n de Hacienda del Estado.<\/p>\n\n\n\n<p>La Secretar\u00eda de Desarrollo Social (Sedesol), acudir\u00e1 ante la Comisi\u00f3n Permanente de Bienestar y Desarrollo Social, el 24 de noviembre a las 10:00 horas; la Secretar\u00eda de Desarrollo Econ\u00f3mico y Portuario (Sedecop), har\u00e1 lo propio ante la Comisi\u00f3n de Corredor Interoce\u00e1nico, Zonas Libres y Desarrollo Econ\u00f3mico, el 26 de noviembre a las 10:00 horas.<\/p>\n\n\n\n<p>Por su parte, la Secretar\u00eda de Turismo y Cultura (Sectur) comparecer\u00e1 ante la Comisi\u00f3n de Turismo, el 26 de noviembre a las 17:00 horas, y la Secretar\u00eda de Infraestructura y Obras P\u00fablicas (Siop), se presentar\u00e1 ante la Comisi\u00f3n de Comunicaciones el 29 de noviembre a las 10:00 horas.<\/p>\n\n\n\n<p>La Secretar\u00eda de Desarrollo Agropecuario, Rural y Pesca (Sedarpa), acudir\u00e1 ante la Comisi\u00f3n de Desarrollo Agropecuario, Rural y Forestal el 30 de noviembre a las 10:00 horas, y la Secretar\u00eda de Trabajo, Previsi\u00f3n Social y Productividad (STPSP), se presentar\u00e1 este mismo d\u00eda a las 17:00 horas, ante la Comisi\u00f3n de Trabajo y Previsi\u00f3n Social.<\/p>\n\n\n\n<p>Por otra parte, la Secretar\u00eda de Seguridad P\u00fablica (SSP) comparecer\u00e1 ante la Comisi\u00f3n de Seguridad P\u00fablica el 1 de diciembre a las 10:00 horas; la Secretar\u00eda de Educaci\u00f3n de Veracruz (SEV), har\u00e1 lo correspondiente el 2 de diciembre a las 10:00 horas, ante la Comisi\u00f3n de Educaci\u00f3n y Cultura.<\/p>\n\n\n\n<p>La Secretar\u00eda de Salud (SS) se presentar\u00e1 el 6 de diciembre a las 10:00 horas, ante la Comisi\u00f3n de Salud y Asistencia; la Secretar\u00eda de Medio Ambiente (Sedema), acudir\u00e1 el 7 de diciembre a las 10:00 horas, ante la Comisi\u00f3n Permanente de Medio Ambiente, Recursos Naturales y Cambio Clim\u00e1tico.<\/p>\n\n\n\n<p>Asimismo, la Coordinaci\u00f3n General de Comunicaci\u00f3n Social (CGCS) comparecer\u00e1 ante la Comisi\u00f3n de Gobernaci\u00f3n el 7 de diciembre, a las 17:00 horas; la Contralor\u00eda General del Estado (CGE) har\u00e1 lo propio el 8 de diciembre a las 10:00 horas ante la Comisi\u00f3n Permanente de Hacienda del Estado y, por \u00faltimo, la Secretar\u00eda de Protecci\u00f3n Civil (SPC), acudir\u00e1 este mismo 8 de diciembre, a las 17:00 horas, ante la Comisi\u00f3n de Protecci\u00f3n Civil.<\/p>\n\n\n\n<p>En el mismo sentido, y en cumplimiento al art\u00edculo 49 de la Constituci\u00f3n Pol\u00edtica del Estado de Veracruz de Ignacio de la Llave, que prev\u00e9 la comparecencia del Ejecutivo estatal ante este Congreso para el d\u00eda lunes 13 de diciembre de 2021, a las 11:00 horas, en el Recinto Oficial de Sesiones, por lo que fue aprobado el formato que habr\u00e1 de guiar este acto.<\/p>\n\n\n\n<p>En primera instancia, el gobernador iniciar\u00e1, hasta por 20 minutos, con una exposici\u00f3n que se refiera al contenido del Tercer Informe y, en su caso, ampliar\u00e1 detalles sobre el mismo.<\/p>\n\n\n\n<p>Acto seguido participar\u00e1 un diputado por cada Grupo Legislativo, de mayor a menor representaci\u00f3n, seguido de los legisladores que no forman grupo, para que en un lapso de 10 minutos hacer los planteamientos que considere pertinentes. El Ejecutivo estatal dar\u00e1, en cada caso, respuesta a lo planteado por las o los diputados.<\/p>\n\n\n\n<p>Por \u00faltimo, la presidenta de la Mesa Directiva, diputada Cecilia Josefina Guevara Guembe, har\u00e1 uso de la tribuna y concluir\u00e1 la comparecencia.<\/p>\n","protected":false},"excerpt":{"rendered":"<p>*El Gobernador del Estado comparecer\u00e1 ante el Pleno el lunes 13 de diciembre de 2021 a las 11:00 horas, en el Recinto Oficial de Sesiones. Xalapa, Ver.- Las y los diputados de la LXVI Legislatura, avalaron el Acuerdo de la Junta de Coordinaci\u00f3n Pol\u00edtica (Jucopo), por el cual se establece el calendario de comparecencias de [&hellip;]<\/p>\n","protected":false},"author":1,"featured_media":20300,"comment_status":"open","ping_status":"open","sticky":false,"template":"","format":"standard","meta":{"_jetpack_memberships_contains_paid_content":false,"footnotes":""},"categories":[2],"tags":[],"class_list":["post-20299","post","type-post","status-publish","format-standard","has-post-thumbnail","hentry","category-estado"],"jetpack_featured_media_url":"https:\/\/encuentroinformativo.com.mx\/wp-content\/uploads\/2021\/11\/253CE697-A08B-4AF3-96E8-86C6377D633A.jpeg","jetpack_sharing_enabled":true,"jetpack_likes_enabled":true,"amp_enabled":true,"_links":{"self":[{"href":"https:\/\/encuentroinformativo.com.mx\/index.php?rest_route=\/wp\/v2\/posts\/20299","targetHints":{"allow":["GET"]}}],"collection":[{"href":"https:\/\/encuentroinformativo.com.mx\/index.php?rest_route=\/wp\/v2\/posts"}],"about":[{"href":"https:\/\/encuentroinformativo.com.mx\/index.php?rest_route=\/wp\/v2\/types\/post"}],"author":[{"embeddable":true,"href":"https:\/\/encuentroinformativo.com.mx\/index.php?rest_route=\/wp\/v2\/users\/1"}],"replies":[{"embeddable":true,"href":"https:\/\/encuentroinformativo.com.mx\/index.php?rest_route=%2Fwp%2Fv2%2Fcomments&post=20299"}],"version-history":[{"count":1,"href":"https:\/\/encuentroinformativo.com.mx\/index.php?rest_route=\/wp\/v2\/posts\/20299\/revisions"}],"predecessor-version":[{"id":20301,"href":"https:\/\/encuentroinformativo.com.mx\/index.php?rest_route=\/wp\/v2\/posts\/20299\/revisions\/20301"}],"wp:featuredmedia":[{"embeddable":true,"href":"https:\/\/encuentroinformativo.com.mx\/index.php?rest_route=\/wp\/v2\/media\/20300"}],"wp:attachment":[{"href":"https:\/\/encuentroinformativo.com.mx\/index.php?rest_route=%2Fwp%2Fv2%2Fmedia&parent=20299"}],"wp:term":[{"taxonomy":"category","embeddable":true,"href":"https:\/\/encuentroinformativo.com.mx\/index.php?rest_route=%2Fwp%2Fv2%2Fcategories&post=20299"},{"taxonomy":"post_tag","embeddable":true,"href":"https:\/\/encuentroinformativo.com.mx\/index.php?rest_route=%2Fwp%2Fv2%2Ftags&post=20299"}],"curies":[{"name":"wp","href":"https:\/\/api.w.org\/{rel}","templated":true}]}}