{"id":203,"date":"2020-02-28T01:38:54","date_gmt":"2020-02-28T07:38:54","guid":{"rendered":"https:\/\/encuentroinformativodotcomdotmx.wordpress.com\/2020\/02\/28\/solicita-diputado-que-ayuntamiento-de-cordoba-transparente-adquisicion-de-torres\/"},"modified":"2020-02-28T01:38:54","modified_gmt":"2020-02-28T07:38:54","slug":"solicita-diputado-que-ayuntamiento-de-cordoba-transparente-adquisicion-de-torres","status":"publish","type":"post","link":"https:\/\/encuentroinformativo.com.mx\/?p=203","title":{"rendered":"Solicita diputado que Ayuntamiento de C\u00f3rdoba transparente adquisici\u00f3n de torres"},"content":{"rendered":"\n<p><strong>*Ante hechos violentos el legislador V\u00edctor Emmanuel Vargas Barrientos demand\u00f3 a las autoridades municipales informaci\u00f3n sobre la inversi\u00f3n realizada. <\/strong><\/p>\n\n\n\n<figure class=\"wp-block-image size-large\"><img loading=\"lazy\" decoding=\"async\" width=\"1600\" height=\"1222\" src=\"https:\/\/encuentroinformativo.com.mx\/wp-content\/uploads\/2020\/02\/ezy-watermark_28-02-2020_01-32-51a.m.-1.jpg?w=1024\" alt=\"\" class=\"wp-image-202\" srcset=\"https:\/\/encuentroinformativo.com.mx\/wp-content\/uploads\/2020\/02\/ezy-watermark_28-02-2020_01-32-51a.m.-1.jpg 1600w, https:\/\/encuentroinformativo.com.mx\/wp-content\/uploads\/2020\/02\/ezy-watermark_28-02-2020_01-32-51a.m.-1-300x229.jpg 300w, https:\/\/encuentroinformativo.com.mx\/wp-content\/uploads\/2020\/02\/ezy-watermark_28-02-2020_01-32-51a.m.-1-1024x782.jpg 1024w, https:\/\/encuentroinformativo.com.mx\/wp-content\/uploads\/2020\/02\/ezy-watermark_28-02-2020_01-32-51a.m.-1-768x587.jpg 768w, https:\/\/encuentroinformativo.com.mx\/wp-content\/uploads\/2020\/02\/ezy-watermark_28-02-2020_01-32-51a.m.-1-1536x1173.jpg 1536w, https:\/\/encuentroinformativo.com.mx\/wp-content\/uploads\/2020\/02\/ezy-watermark_28-02-2020_01-32-51a.m.-1-1200x917.jpg 1200w\" sizes=\"auto, (max-width: 1600px) 100vw, 1600px\" \/><\/figure>\n\n\n\n<p><strong>Foto: <\/strong>Vic-Man <\/p>\n\n\n\n<p>Xalapa, Ver.- El diputado V\u00edctor Emmanuel Vargas Barrientos se pronunci\u00f3 en contra de los hechos violentos perpetrados por la delincuencia organizada, el pasado fin de semana en la ciudad de C\u00f3rdoba, Veracruz, y que cobr\u00f3 la vida de cuatro elementos de la Polic\u00eda Municipal de C\u00f3rdoba, Polic\u00eda del Estado y Fuerza Civil.<\/p>\n\n\n\n<p>Ante la Diputaci\u00f3n Permanente, durante la Tercera Sesi\u00f3n Ordinaria del Primer Receso del segundo a\u00f1o de labores, el legislador exigi\u00f3 a las autoridades municipales cordobesas el esclarecimiento en la adquisici\u00f3n de las torres de seguridad atacadas, cuyo costo fue de 7.5 millones de pesos.<\/p>\n\n\n\n<p>\u201cExijo que la alcaldesa de C\u00f3rdoba, Veracruz, informe a la ciudadan\u00eda c\u00f3mo fue que su administraci\u00f3n adquiri\u00f3 las referidas torres de seguridad, cu\u00e1nto costaron, cu\u00e1les fueron los materiales con que se construyeron y las caracter\u00edsticas del equipo de vigilancia\u201d, puntualiz\u00f3 Vargas Barrientos.<\/p>\n\n\n\n<p>En el mismo sentido, hizo un llamado a la Tesorer\u00eda municipal para que informe con qu\u00e9 empresa y bajo qu\u00e9 esquema de adquisici\u00f3n fueron conseguidos dichos puestos de vigilancia, dada la aparente facilidad con que los proyectiles disparados por los agresores atravesaron la torre y provocaron la&nbsp; muerte de los dos elementos policiacos.<\/p>\n\n\n\n<p>El Diputado cordob\u00e9s destac\u00f3 que la instalaci\u00f3n y uso de una torre debe garantizar a los polic\u00edas la seguridad necesaria mientras realizan su labor de proteger a la poblaci\u00f3n y ser un espacio que les permita resguardarse ante un ataque directo.<\/p>\n\n\n\n<p>\u201cDe no ser as\u00ed, la propia torre se convertir\u00eda en un espacio que har\u00eda m\u00e1s vulnerables a sus ocupantes, pues los atacantes tendr\u00edan a su merced a las v\u00edctimas en un peque\u00f1o lugar, como sucedi\u00f3 el pasado s\u00e1bado 22 de febrero de 2020 en C\u00f3rdoba, Veracruz\u201d, finaliz\u00f3.<\/p>\n","protected":false},"excerpt":{"rendered":"<p>*Ante hechos violentos el legislador V\u00edctor Emmanuel Vargas Barrientos demand\u00f3 a las autoridades municipales informaci\u00f3n sobre la inversi\u00f3n realizada. Foto: Vic-Man Xalapa, Ver.- El diputado V\u00edctor Emmanuel Vargas Barrientos se pronunci\u00f3 en contra de los hechos violentos perpetrados por la delincuencia organizada, el pasado fin de semana en la ciudad de C\u00f3rdoba, Veracruz, y que [&hellip;]<\/p>\n","protected":false},"author":1,"featured_media":201,"comment_status":"open","ping_status":"open","sticky":false,"template":"","format":"standard","meta":{"_jetpack_memberships_contains_paid_content":false,"footnotes":""},"categories":[2],"tags":[],"class_list":["post-203","post","type-post","status-publish","format-standard","has-post-thumbnail","hentry","category-estado"],"jetpack_featured_media_url":"https:\/\/encuentroinformativo.com.mx\/wp-content\/uploads\/2020\/02\/ezy-watermark_28-02-2020_01-32-51a.m..jpg","jetpack_sharing_enabled":true,"jetpack_likes_enabled":true,"amp_enabled":true,"_links":{"self":[{"href":"https:\/\/encuentroinformativo.com.mx\/index.php?rest_route=\/wp\/v2\/posts\/203","targetHints":{"allow":["GET"]}}],"collection":[{"href":"https:\/\/encuentroinformativo.com.mx\/index.php?rest_route=\/wp\/v2\/posts"}],"about":[{"href":"https:\/\/encuentroinformativo.com.mx\/index.php?rest_route=\/wp\/v2\/types\/post"}],"author":[{"embeddable":true,"href":"https:\/\/encuentroinformativo.com.mx\/index.php?rest_route=\/wp\/v2\/users\/1"}],"replies":[{"embeddable":true,"href":"https:\/\/encuentroinformativo.com.mx\/index.php?rest_route=%2Fwp%2Fv2%2Fcomments&post=203"}],"version-history":[{"count":0,"href":"https:\/\/encuentroinformativo.com.mx\/index.php?rest_route=\/wp\/v2\/posts\/203\/revisions"}],"wp:featuredmedia":[{"embeddable":true,"href":"https:\/\/encuentroinformativo.com.mx\/index.php?rest_route=\/wp\/v2\/media\/201"}],"wp:attachment":[{"href":"https:\/\/encuentroinformativo.com.mx\/index.php?rest_route=%2Fwp%2Fv2%2Fmedia&parent=203"}],"wp:term":[{"taxonomy":"category","embeddable":true,"href":"https:\/\/encuentroinformativo.com.mx\/index.php?rest_route=%2Fwp%2Fv2%2Fcategories&post=203"},{"taxonomy":"post_tag","embeddable":true,"href":"https:\/\/encuentroinformativo.com.mx\/index.php?rest_route=%2Fwp%2Fv2%2Ftags&post=203"}],"curies":[{"name":"wp","href":"https:\/\/api.w.org\/{rel}","templated":true}]}}