{"id":20302,"date":"2021-11-12T09:21:49","date_gmt":"2021-11-12T15:21:49","guid":{"rendered":"https:\/\/encuentroinformativo.com.mx\/?p=20302"},"modified":"2021-11-12T09:21:52","modified_gmt":"2021-11-12T15:21:52","slug":"comisiones-sabores-y-sinsabores","status":"publish","type":"post","link":"https:\/\/encuentroinformativo.com.mx\/?p=20302","title":{"rendered":"Comisiones: Sabores y sinsabores"},"content":{"rendered":"\n<p><strong>Los Pol\u00edticos<\/strong><\/p>\n\n\n\n<p><strong>Salvador Mu\u00f1oz<\/strong><\/p>\n\n\n\n<p>El Cabildeo para la repartici\u00f3n de Comisiones estuvo pesado previo a la sesi\u00f3n de este jueves\u2026 el \u201cprevio\u201d bien pudo ser desde el martes, de cuando se ten\u00eda programada la sesi\u00f3n legislativa y se posterg\u00f3, o hasta un d\u00eda anterior con su madrugada respectiva.<\/p>\n\n\n\n<p>Si bien el pron\u00f3stico era que Morena, por la condici\u00f3n aplastante que tiene, se iba a llevar la mayor\u00eda de las 40 Comisiones que hay as\u00ed como las m\u00e1s relevantes, el asunto era a qui\u00e9n darle tal y por qu\u00e9\u2026 aunque tambi\u00e9n el morbo era saber cu\u00e1les iba a entregar al PAN, por ejemplo, segunda fuerza en el Congreso con sus nueve diputados que, al igual que en la anterior Legislatura, una elecci\u00f3n interna los tiene m\u00e1s encontrados que con Morena.<\/p>\n\n\n\n<p>El mejor ejemplo de ello fue el reacomodo de curules que se dio en su bancada\u2026 En la primera l\u00ednea azul, se sentaron tres yunistas juntos: De izquierda a derecha, Miguel Hermida, Jaime de la Garza (a quien m\u00e1s vinculan con Humberto Alonso Morelli, pero pues \u00e9ste va de salida) y Ver\u00f3nica Pulido.<\/p>\n\n\n\n<p>En la siguiente hilera, en el mismo orden, dos chapitos: Nora Jessica Lagunes J\u00e1uregui y Bingen Rementer\u00eda. De colado, Enrique Cambranis, quien quiz\u00e1s por haber ocupado esa misma curul en la anterior Legislatura, ya no se quiso mover de all\u00ed.<\/p>\n\n\n\n<p>Atr\u00e1s, Itzel Yescas y Oth\u00f3n Hern\u00e1ndez Candanedo, dos chapitos m\u00e1s. El \u00faltimo, est\u00e1 en la Vicepresidencia de la Mesa Directiva.<\/p>\n\n\n\n<p>Pues bien, de las 40 Comisiones, el PAN obtuvo 5 presidencias, y salvo que la informaci\u00f3n est\u00e9 mal, Itzel Yescas Valdivia se llev\u00f3 dos: L\u00edmites Territoriales Intermunicipales as\u00ed como Participaci\u00f3n Ciudadana. Bingen Rementer\u00eda est\u00e1 al frente de Promoci\u00f3n Comercial. Se podr\u00eda decir entonces que los chapitos se llevaron tres y si sumamos la especial del Caf\u00e9, cuya titular ser\u00e1 Nora Lagunes, quedar\u00edan en 4 contra dos presidencias de los Yunes: Atenci\u00f3n y Protecci\u00f3n a Periodistas, con Jaime de la Garza; y Ciencia y Tecnolog\u00eda, para Ver\u00f3nica Pulido.<\/p>\n\n\n\n<p>Tanto a Enrique Cambranis como a Miguel Hermida les dieron xalape\u00f1o. El chogoste\u00f1o yunista s\u00f3lo alcanz\u00f3 dos vocales y una secretar\u00eda. El ex regidor porte\u00f1o de Fernando Yunes fue el m\u00e1s castigado con dos vocales.<\/p>\n\n\n\n<p>Por otro lado, la bancada del PRI se puede dar por satisfecha con el cabildeo de su coordinadora Anil\u00fa Ingram Vallines quien obtuvo presidencia en Derechos Humanos y Grupos Vulnerables, y para Marlon Ram\u00edrez, Seguridad Social.<\/p>\n\n\n\n<p>Hay que agregar que la porte\u00f1a igual lleva tres secretar\u00edas en otras comisiones; mientras tanto, Marlon trae una secretar\u00eda y una vocal.<\/p>\n\n\n\n<p>Por cierto, los pri\u00edstas igual movieron sus curules (sin albur)&#8230; abandonaron a las naranjas Ruth Callejas y Maribel Ram\u00edrez, para juntarse con Itzel Yescas y Oth\u00f3n Hern\u00e1ndez Candanedo.<\/p>\n\n\n\n<p>Hablando de las integrantes de la Bancada Naranja (grupo de legisladores de Movimiento Ciudadano de todo el pa\u00eds), Maribel Ram\u00edrez Topete es presidenta de la Comisi\u00f3n para la Igualdad de G\u00e9nero (dijeran en el barrio: la perre\u00f3 y la consigui\u00f3), mientras que Ruth est\u00e1 en una secretar\u00eda y dos vocales aunque se integr\u00f3 a petici\u00f3n del partido a la Junta de Coordinaci\u00f3n Pol\u00edtica\u2026 s\u00ed, puede hacerlo, aunque si bien tendr\u00e1 voz al interior, no as\u00ed voto.<\/p>\n\n\n\n<p>Otras que no se movieron de sus curules originales fueron Perla Eufemia y Lidia Mezhua, las ex perredistas, las que cada una de ellas, fueron premiadas con una presidencia: Trabajo y Previsi\u00f3n as\u00ed como Transparencia y Acceso a la Informaci\u00f3n respectivamente. Tan no se movieron que cuando los morenos se juntaron para la selfie grupal, ellas no salieron en la foto.<\/p>\n\n\n\n<p>Por supuesto, es posible que no todos est\u00e9n contentos con la repartidera de Comisiones pero s\u00ed los 29 morenos, el de FxM y los dos del PT, pues al final de cuentas El Car\u00f3n, Juan Javier G\u00f3mez Cazar\u00edn, hizo lo que por derecho le corresponde: ejercer la mayor\u00eda.<\/p>\n\n\n\n<p><a href=\"mailto:smcainito@gmail.com\" target=\"_blank\" rel=\"noreferrer noopener\">smcainito@gmail.com<\/a><\/p>\n","protected":false},"excerpt":{"rendered":"<p>Los Pol\u00edticos Salvador Mu\u00f1oz El Cabildeo para la repartici\u00f3n de Comisiones estuvo pesado previo a la sesi\u00f3n de este jueves\u2026 el \u201cprevio\u201d bien pudo ser desde el martes, de cuando se ten\u00eda programada la sesi\u00f3n legislativa y se posterg\u00f3, o hasta un d\u00eda anterior con su madrugada respectiva. Si bien el pron\u00f3stico era que Morena, [&hellip;]<\/p>\n","protected":false},"author":1,"featured_media":387,"comment_status":"open","ping_status":"open","sticky":false,"template":"","format":"standard","meta":{"_jetpack_memberships_contains_paid_content":false,"footnotes":""},"categories":[11],"tags":[],"class_list":["post-20302","post","type-post","status-publish","format-standard","has-post-thumbnail","hentry","category-opinion"],"jetpack_featured_media_url":"https:\/\/encuentroinformativo.com.mx\/wp-content\/uploads\/2020\/03\/7CF8A22B-2764-47BE-8F7F-38FE9E5D6A2F.jpeg","jetpack_sharing_enabled":true,"jetpack_likes_enabled":true,"amp_enabled":true,"_links":{"self":[{"href":"https:\/\/encuentroinformativo.com.mx\/index.php?rest_route=\/wp\/v2\/posts\/20302","targetHints":{"allow":["GET"]}}],"collection":[{"href":"https:\/\/encuentroinformativo.com.mx\/index.php?rest_route=\/wp\/v2\/posts"}],"about":[{"href":"https:\/\/encuentroinformativo.com.mx\/index.php?rest_route=\/wp\/v2\/types\/post"}],"author":[{"embeddable":true,"href":"https:\/\/encuentroinformativo.com.mx\/index.php?rest_route=\/wp\/v2\/users\/1"}],"replies":[{"embeddable":true,"href":"https:\/\/encuentroinformativo.com.mx\/index.php?rest_route=%2Fwp%2Fv2%2Fcomments&post=20302"}],"version-history":[{"count":1,"href":"https:\/\/encuentroinformativo.com.mx\/index.php?rest_route=\/wp\/v2\/posts\/20302\/revisions"}],"predecessor-version":[{"id":20303,"href":"https:\/\/encuentroinformativo.com.mx\/index.php?rest_route=\/wp\/v2\/posts\/20302\/revisions\/20303"}],"wp:featuredmedia":[{"embeddable":true,"href":"https:\/\/encuentroinformativo.com.mx\/index.php?rest_route=\/wp\/v2\/media\/387"}],"wp:attachment":[{"href":"https:\/\/encuentroinformativo.com.mx\/index.php?rest_route=%2Fwp%2Fv2%2Fmedia&parent=20302"}],"wp:term":[{"taxonomy":"category","embeddable":true,"href":"https:\/\/encuentroinformativo.com.mx\/index.php?rest_route=%2Fwp%2Fv2%2Fcategories&post=20302"},{"taxonomy":"post_tag","embeddable":true,"href":"https:\/\/encuentroinformativo.com.mx\/index.php?rest_route=%2Fwp%2Fv2%2Ftags&post=20302"}],"curies":[{"name":"wp","href":"https:\/\/api.w.org\/{rel}","templated":true}]}}