{"id":20310,"date":"2021-11-12T12:15:40","date_gmt":"2021-11-12T18:15:40","guid":{"rendered":"https:\/\/encuentroinformativo.com.mx\/?p=20310"},"modified":"2021-11-12T12:15:43","modified_gmt":"2021-11-12T18:15:43","slug":"preven-retorno-total-a-aulas-en-xalapa","status":"publish","type":"post","link":"https:\/\/encuentroinformativo.com.mx\/?p=20310","title":{"rendered":"Prev\u00e9n retorno total a aulas en Xalapa"},"content":{"rendered":"\n<p><strong>Juan Arcos<\/strong><\/p>\n\n\n\n<p>Xalapa, Ver.- Algunas escuelas de la ciudad de Xalapa informaron a madres y padres de familia que el regreso total a clases presenciales se realizar\u00e1 durante la segunda quincena de noviembre.<\/p>\n\n\n\n<p>Las autoridades acad\u00e9micas consideraron que el retorno a las aulas en inminente, debido a que la mayor\u00eda de docentes ya fueron vacunados contra el SARS-COV-2 (COVID-19).<\/p>\n\n\n\n<p>Esto ocurre en la escuela primaria Manuel de Boza, ubicada sobre la calle Xalape\u00f1os Ilustres, en el centro de la capital del estado, donde la siguiente semana asistir\u00e1 un mayor n\u00famero de estudiantes.<\/p>\n\n\n\n<p>El padre de familia Manuel Gonz\u00e1lez Hern\u00e1ndez se pronunci\u00f3 en contra de dicha determinaci\u00f3n al considerar que est\u00e1 por iniciar la temporada invernal y podr\u00edan registrarse m\u00e1s contagios.<\/p>\n\n\n\n<p>Se tiene programado que los d\u00edas lunes y martes se presente la mitad de alumnos de cada grupo, mientras que mi\u00e9rcoles y jueves el otro 50 por ciento.<\/p>\n\n\n\n<p>Sin informar la fecha para el retorno total a las aulas, se determin\u00f3 que en algunas escuelas el horario ser\u00e1 de ocho de la ma\u00f1ana a 12 y media del d\u00eda.<\/p>\n\n\n\n<p>Mientras que los recesos ser\u00e1n en dos tiempos: los grupos de primero a tercero de 10:00 a 10:20 horas y los grupos de cuarto a sexto de 10:20 a 10:40 horas.<\/p>\n\n\n\n<p>En ese sentido, las mam\u00e1s y pap\u00e1s de los alumnos consideraron que el retorno total a las aulas deber\u00eda llevarse a cabo en enero de 2022, despu\u00e9s del periodo vacacional decembrino, para conocer si hay condiciones sanitarias que lo permitan.<\/p>\n","protected":false},"excerpt":{"rendered":"<p>Juan Arcos Xalapa, Ver.- Algunas escuelas de la ciudad de Xalapa informaron a madres y padres de familia que el regreso total a clases presenciales se realizar\u00e1 durante la segunda quincena de noviembre. Las autoridades acad\u00e9micas consideraron que el retorno a las aulas en inminente, debido a que la mayor\u00eda de docentes ya fueron vacunados [&hellip;]<\/p>\n","protected":false},"author":1,"featured_media":20311,"comment_status":"open","ping_status":"open","sticky":false,"template":"","format":"standard","meta":{"_jetpack_memberships_contains_paid_content":false,"footnotes":""},"categories":[3],"tags":[],"class_list":["post-20310","post","type-post","status-publish","format-standard","has-post-thumbnail","hentry","category-xalapa"],"jetpack_featured_media_url":"https:\/\/encuentroinformativo.com.mx\/wp-content\/uploads\/2021\/11\/540A9D19-1AD2-48E5-8C84-D5B1FB0E71B6.jpeg","jetpack_sharing_enabled":true,"jetpack_likes_enabled":true,"amp_enabled":true,"_links":{"self":[{"href":"https:\/\/encuentroinformativo.com.mx\/index.php?rest_route=\/wp\/v2\/posts\/20310","targetHints":{"allow":["GET"]}}],"collection":[{"href":"https:\/\/encuentroinformativo.com.mx\/index.php?rest_route=\/wp\/v2\/posts"}],"about":[{"href":"https:\/\/encuentroinformativo.com.mx\/index.php?rest_route=\/wp\/v2\/types\/post"}],"author":[{"embeddable":true,"href":"https:\/\/encuentroinformativo.com.mx\/index.php?rest_route=\/wp\/v2\/users\/1"}],"replies":[{"embeddable":true,"href":"https:\/\/encuentroinformativo.com.mx\/index.php?rest_route=%2Fwp%2Fv2%2Fcomments&post=20310"}],"version-history":[{"count":1,"href":"https:\/\/encuentroinformativo.com.mx\/index.php?rest_route=\/wp\/v2\/posts\/20310\/revisions"}],"predecessor-version":[{"id":20312,"href":"https:\/\/encuentroinformativo.com.mx\/index.php?rest_route=\/wp\/v2\/posts\/20310\/revisions\/20312"}],"wp:featuredmedia":[{"embeddable":true,"href":"https:\/\/encuentroinformativo.com.mx\/index.php?rest_route=\/wp\/v2\/media\/20311"}],"wp:attachment":[{"href":"https:\/\/encuentroinformativo.com.mx\/index.php?rest_route=%2Fwp%2Fv2%2Fmedia&parent=20310"}],"wp:term":[{"taxonomy":"category","embeddable":true,"href":"https:\/\/encuentroinformativo.com.mx\/index.php?rest_route=%2Fwp%2Fv2%2Fcategories&post=20310"},{"taxonomy":"post_tag","embeddable":true,"href":"https:\/\/encuentroinformativo.com.mx\/index.php?rest_route=%2Fwp%2Fv2%2Ftags&post=20310"}],"curies":[{"name":"wp","href":"https:\/\/api.w.org\/{rel}","templated":true}]}}