{"id":20313,"date":"2021-11-12T12:27:14","date_gmt":"2021-11-12T18:27:14","guid":{"rendered":"https:\/\/encuentroinformativo.com.mx\/?p=20313"},"modified":"2021-11-12T12:27:17","modified_gmt":"2021-11-12T18:27:17","slug":"precipitado-regreso-a-clases-acusan-sindicatos","status":"publish","type":"post","link":"https:\/\/encuentroinformativo.com.mx\/?p=20313","title":{"rendered":"Precipitado regreso a clases, acusan sindicatos"},"content":{"rendered":"\n<p><strong>Juan Arcos<\/strong> <\/p>\n\n\n\n<p>Xalapa, Ver.- El retorno total a las aulas durante este mes en diversas escuelas de la entidad es una determinaci\u00f3n \u201cprecipitada\u201d por parte de las autoridades educativas.<\/p>\n\n\n\n<p>As\u00ed lo declar\u00f3 el secretario general del Sindicato Estatal de Trabajadores de la Educaci\u00f3n (SETE), Armando Chama Ju\u00e1rez, quien a\u00f1adi\u00f3 que las mismas autoridades sanitarias prev\u00e9n una cuarta ola de contagios de SARS-COV-2 (COVID-19).<\/p>\n\n\n\n<p>\u201cEsta medida me parece muy precipitada por parte de la autoridad, seg\u00fan el acuerdo que nos mandaron el d\u00eda de hoy\u201d.<\/p>\n\n\n\n<p>El entrevistado mencion\u00f3 que el regreso a clases pudo haberse planeado para el siguiente a\u00f1o, garantizando las condiciones sanitarias para toda la comunidad escolar.<\/p>\n\n\n\n<p>Confirm\u00f3 que algunos de sus agremiados han sido notificados sobre el retorno a las aulas en la segunda quincena de este mes de noviembre.<\/p>\n\n\n\n<p>\u201cEste regreso se pudo haber esperado al inicio del siguiente a\u00f1o y sobre todo ver si hay condiciones sanitarias para que el regreso fuera pleno y satisfactorio, tomando en cuenta que la Organizaci\u00f3n Mundial de la Salud (OMS) espera un rebrote importante para la \u00faltima semana de noviembre y primera de diciembre por los contagios del D\u00eda de Muertos\u201d, expres\u00f3.<\/p>\n\n\n\n<p>El l\u00edder sindical record\u00f3 que desde el pasado 30 de agosto hay profesores que llevan a cabo sus actividades de manera presencial, por lo menos durante dos d\u00edas a la semana.<\/p>\n\n\n\n<p>Chama Ju\u00e1rez tambi\u00e9n coment\u00f3 que varios docentes est\u00e1n a la espera de recibir una segunda dosis de la vacuna contra el coronavirus.<\/p>\n","protected":false},"excerpt":{"rendered":"<p>Juan Arcos Xalapa, Ver.- El retorno total a las aulas durante este mes en diversas escuelas de la entidad es una determinaci\u00f3n \u201cprecipitada\u201d por parte de las autoridades educativas. As\u00ed lo declar\u00f3 el secretario general del Sindicato Estatal de Trabajadores de la Educaci\u00f3n (SETE), Armando Chama Ju\u00e1rez, quien a\u00f1adi\u00f3 que las mismas autoridades sanitarias prev\u00e9n [&hellip;]<\/p>\n","protected":false},"author":1,"featured_media":20314,"comment_status":"open","ping_status":"open","sticky":false,"template":"","format":"standard","meta":{"_jetpack_memberships_contains_paid_content":false,"footnotes":""},"categories":[3],"tags":[],"class_list":["post-20313","post","type-post","status-publish","format-standard","has-post-thumbnail","hentry","category-xalapa"],"jetpack_featured_media_url":"https:\/\/encuentroinformativo.com.mx\/wp-content\/uploads\/2021\/11\/7BEE8376-BE99-46C1-A032-3A5E56F68ACE.jpeg","jetpack_sharing_enabled":true,"jetpack_likes_enabled":true,"amp_enabled":true,"_links":{"self":[{"href":"https:\/\/encuentroinformativo.com.mx\/index.php?rest_route=\/wp\/v2\/posts\/20313","targetHints":{"allow":["GET"]}}],"collection":[{"href":"https:\/\/encuentroinformativo.com.mx\/index.php?rest_route=\/wp\/v2\/posts"}],"about":[{"href":"https:\/\/encuentroinformativo.com.mx\/index.php?rest_route=\/wp\/v2\/types\/post"}],"author":[{"embeddable":true,"href":"https:\/\/encuentroinformativo.com.mx\/index.php?rest_route=\/wp\/v2\/users\/1"}],"replies":[{"embeddable":true,"href":"https:\/\/encuentroinformativo.com.mx\/index.php?rest_route=%2Fwp%2Fv2%2Fcomments&post=20313"}],"version-history":[{"count":1,"href":"https:\/\/encuentroinformativo.com.mx\/index.php?rest_route=\/wp\/v2\/posts\/20313\/revisions"}],"predecessor-version":[{"id":20315,"href":"https:\/\/encuentroinformativo.com.mx\/index.php?rest_route=\/wp\/v2\/posts\/20313\/revisions\/20315"}],"wp:featuredmedia":[{"embeddable":true,"href":"https:\/\/encuentroinformativo.com.mx\/index.php?rest_route=\/wp\/v2\/media\/20314"}],"wp:attachment":[{"href":"https:\/\/encuentroinformativo.com.mx\/index.php?rest_route=%2Fwp%2Fv2%2Fmedia&parent=20313"}],"wp:term":[{"taxonomy":"category","embeddable":true,"href":"https:\/\/encuentroinformativo.com.mx\/index.php?rest_route=%2Fwp%2Fv2%2Fcategories&post=20313"},{"taxonomy":"post_tag","embeddable":true,"href":"https:\/\/encuentroinformativo.com.mx\/index.php?rest_route=%2Fwp%2Fv2%2Ftags&post=20313"}],"curies":[{"name":"wp","href":"https:\/\/api.w.org\/{rel}","templated":true}]}}