{"id":20331,"date":"2021-11-13T13:26:59","date_gmt":"2021-11-13T19:26:59","guid":{"rendered":"https:\/\/encuentroinformativo.com.mx\/?p=20331"},"modified":"2021-11-13T13:27:03","modified_gmt":"2021-11-13T19:27:03","slug":"de-lozoya-a-tarek","status":"publish","type":"post","link":"https:\/\/encuentroinformativo.com.mx\/?p=20331","title":{"rendered":"De Lozoya a Tarek"},"content":{"rendered":"\n<p><strong>N\u00fameros Rojos<br><\/strong><br><strong>Brenda Caballero<\/strong><\/p>\n\n\n\n<p>Los veracruzanos, despu\u00e9s de tanto tiempo, apenas alcanzamos a ver se\u00f1ales de justicia. Y digo \u201cse\u00f1ales\u201d, porque el hecho de que varios funcionarios duartistas sean imputados, no quiere decir que la justicia los alcance o que devuelvan lo que se robaron, que ser\u00eda lo m\u00e1s importante despu\u00e9s del saqueo que hicieron al erario p\u00fablico de Veracruz.<\/p>\n\n\n\n<p>All\u00ed tenemos el caso de Emilio Lozoya, ex director de Pemex, con prisi\u00f3n preventiva, que para extinguir la acci\u00f3n penal en su contra quiere reparar el da\u00f1o con 3.4 millones de d\u00f3lares en el caso Agro Nitrogenados, y 1.6 millones de d\u00f3lares, en el caso Odebrecht. \u00a15 millones de d\u00f3lares contra 200 millones que implic\u00f3 el da\u00f1o a Pemex! \u00a1As\u00ed, pues ni c\u00f3mo, aunque sea testigo protegido y vaya inculpando a cualquiera que se le atraviese!<\/p>\n\n\n\n<p>El caso de Lozoya me recuerda al de Antonio Tarek Abdal\u00e1 Saad, extesorero del Gobierno de Veracruz entre el 2012 y el 2015, se\u00f1alado de participar en el da\u00f1o patrimonial multimillonario que sufri\u00f3 Veracruz por m\u00e1s de 63 mil 500 millones de pesos.<\/p>\n\n\n\n<p>Pero Tarek se aplic\u00f3 y se convirti\u00f3 en testigo protegido de la Fiscal\u00eda General de la Rep\u00fablica; con ello detuvo la orden de aprehensi\u00f3n en su contra y a cambio dio nombres y m\u00e1s nombres, todo con tal de librar la c\u00e1rcel.<\/p>\n\n\n\n<p>Entre los nombres: Fernando Charleston Hern\u00e1ndez y Tom\u00e1s Ruiz Gonz\u00e1lez, ex Secretarios de Finanzas; Gabriel Deantes Ramos, ex subsecretario de Finanzas; Jos\u00e9 Francisco D\u00edaz Valenzuela, ex subdirector de Operaci\u00f3n Financiera; todos ellos fueron vinculados a proceso, aunque por cantidades irrisorias, como a Charleston, que de 2 mil millones desaparecidos, \u00fanicamente lo procesan por cien mil pesos.<\/p>\n\n\n\n<p>Los ex duartistas no ten\u00edan mucho de qu\u00e9 preocuparse, pues a pesar de que su imputaci\u00f3n se anunci\u00f3 con bombo y platillo a finales de octubre como el presunto mayor desv\u00edo que la Fiscal\u00eda General de la Rep\u00fablica llevaba ante los tribunales contra ex colaboradores de Javier Duarte de Ochoa, \u00e9stos llevar\u00edan su proceso en libertad, ya que no existe el riesgo de fuga, pues siempre que la autoridad los ha requerido, all\u00ed han estado.<\/p>\n\n\n\n<p>Ahora bien, a pesar de que la Auditor\u00eda Superior de la Federaci\u00f3n tambi\u00e9n hab\u00eda presentado las respectivas denuncias contra los saqueadores duartistas, y Tarek hab\u00eda reforzado las denuncias con sus declaraciones, no sirvieron de nada, ya que hace 5 d\u00edas un Tribunal Federal dict\u00f3 auto de libertad a favor del subsecretario de la Secretar\u00eda de Finanzas y Planeaci\u00f3n del estado de Veracruz, Gabriel Deantes Ramos, quien fuera imputado por peculado por la Fiscal\u00eda General de la Rep\u00fablica por la cantidad de 19 millones, 900 mil pesos.<br>El argumento del magistrado del Cuarto Tribunal Unitario del S\u00e9ptimo Circuito, Jos\u00e9 Manuel Torres P\u00e9rez, fue que las declaraciones del testigo colaborador no resultan id\u00f3neas ni suficientes para determinar que Gabriel Deantes Ramos supuestamente autoriz\u00f3 las transferencias de la cuenta del Gobierno del Estado de Veracruz a una cuenta concentradora, com\u00fanmente llamada Licuadora.<br>El d\u00eda de ayer amanec\u00edamos con la noticia de que tambi\u00e9n Mauricio Audirac Murillo, Secretario de Finanzas y Planeaci\u00f3n, quien hab\u00eda sido vinculado a proceso por un supuesto desv\u00edo de 568.9 millones de pesos en partidas federales durante el a\u00f1o 2014, tambi\u00e9n llevar\u00e1 su juicio en libertad.<br>Lo mismo aplic\u00f3 para Sergio Armando de la Llave Migoni, ex subsecretario de Finanzas y Administraci\u00f3n, a quien tambi\u00e9n se le vincul\u00f3 a proceso por el supuesto desv\u00edo de 204 millones de pesos.<br>Sin duda, las imputaciones de funcionarios son acordes a todas las denuncias presentadas por la Auditor\u00eda Superior de la Federaci\u00f3n, pero el tema es que nada m\u00e1s nos emocionan con tantas imputaciones y de que se har\u00e1 justicia, pero al final no pasa nada. Salen en libertad, y lo peor, ni siquiera devuelven lo que se robaron; aunque habr\u00e1 que ver si a Tarek no le pasa lo que a Lozoya, y al final cae de la gracia del poder pues en su haber cuenta con 5 carpetas de investigaci\u00f3n.<\/p>\n\n\n\n<p>@NumerosRojos_BC<br><a href=\"mailto:caballero_brenda@hotmail.com\" target=\"_blank\" rel=\"noreferrer noopener\">caballero_brenda@hotmail.com<\/a><\/p>\n","protected":false},"excerpt":{"rendered":"<p>N\u00fameros RojosBrenda Caballero Los veracruzanos, despu\u00e9s de tanto tiempo, apenas alcanzamos a ver se\u00f1ales de justicia. Y digo \u201cse\u00f1ales\u201d, porque el hecho de que varios funcionarios duartistas sean imputados, no quiere decir que la justicia los alcance o que devuelvan lo que se robaron, que ser\u00eda lo m\u00e1s importante despu\u00e9s del saqueo que hicieron al [&hellip;]<\/p>\n","protected":false},"author":1,"featured_media":387,"comment_status":"open","ping_status":"open","sticky":false,"template":"","format":"standard","meta":{"_jetpack_memberships_contains_paid_content":false,"footnotes":""},"categories":[11],"tags":[],"class_list":["post-20331","post","type-post","status-publish","format-standard","has-post-thumbnail","hentry","category-opinion"],"jetpack_featured_media_url":"https:\/\/encuentroinformativo.com.mx\/wp-content\/uploads\/2020\/03\/7CF8A22B-2764-47BE-8F7F-38FE9E5D6A2F.jpeg","jetpack_sharing_enabled":true,"jetpack_likes_enabled":true,"amp_enabled":true,"_links":{"self":[{"href":"https:\/\/encuentroinformativo.com.mx\/index.php?rest_route=\/wp\/v2\/posts\/20331","targetHints":{"allow":["GET"]}}],"collection":[{"href":"https:\/\/encuentroinformativo.com.mx\/index.php?rest_route=\/wp\/v2\/posts"}],"about":[{"href":"https:\/\/encuentroinformativo.com.mx\/index.php?rest_route=\/wp\/v2\/types\/post"}],"author":[{"embeddable":true,"href":"https:\/\/encuentroinformativo.com.mx\/index.php?rest_route=\/wp\/v2\/users\/1"}],"replies":[{"embeddable":true,"href":"https:\/\/encuentroinformativo.com.mx\/index.php?rest_route=%2Fwp%2Fv2%2Fcomments&post=20331"}],"version-history":[{"count":1,"href":"https:\/\/encuentroinformativo.com.mx\/index.php?rest_route=\/wp\/v2\/posts\/20331\/revisions"}],"predecessor-version":[{"id":20332,"href":"https:\/\/encuentroinformativo.com.mx\/index.php?rest_route=\/wp\/v2\/posts\/20331\/revisions\/20332"}],"wp:featuredmedia":[{"embeddable":true,"href":"https:\/\/encuentroinformativo.com.mx\/index.php?rest_route=\/wp\/v2\/media\/387"}],"wp:attachment":[{"href":"https:\/\/encuentroinformativo.com.mx\/index.php?rest_route=%2Fwp%2Fv2%2Fmedia&parent=20331"}],"wp:term":[{"taxonomy":"category","embeddable":true,"href":"https:\/\/encuentroinformativo.com.mx\/index.php?rest_route=%2Fwp%2Fv2%2Fcategories&post=20331"},{"taxonomy":"post_tag","embeddable":true,"href":"https:\/\/encuentroinformativo.com.mx\/index.php?rest_route=%2Fwp%2Fv2%2Ftags&post=20331"}],"curies":[{"name":"wp","href":"https:\/\/api.w.org\/{rel}","templated":true}]}}