{"id":20343,"date":"2021-11-13T15:30:38","date_gmt":"2021-11-13T21:30:38","guid":{"rendered":"https:\/\/encuentroinformativo.com.mx\/?p=20343"},"modified":"2021-11-13T15:30:41","modified_gmt":"2021-11-13T21:30:41","slug":"madre-pide-ayuda-para-localizar-a-menor-vivia-con-su-padre-en-coatepec","status":"publish","type":"post","link":"https:\/\/encuentroinformativo.com.mx\/?p=20343","title":{"rendered":"Madre pide ayuda para localizar a menor; viv\u00eda con su padre en Coatepec"},"content":{"rendered":"\n<p><strong>Dar\u00edo Pale<\/strong><\/p>\n\n\n\n<p>Xalapa, Ver.- La se\u00f1ora Rosalinda Mart\u00ednez P\u00e9rez madre del menor Braulio dio a conocer que est\u00e1 solicitando el apoyo de la ciudadan\u00eda para poder localizar a su hijo ya que su pap\u00e1 Alonso Figueroa quien viv\u00eda en Coatepec falleci\u00f3 a principios de mes v\u00edctima del COVID-19, y no sabe nada del menor.<\/p>\n\n\n\n<p>En conferencia de prensa realizada en conocido caf\u00e9 del centro de Xalapa, se\u00f1al\u00f3 que el menor estaba al cuidado de su pap\u00e1 el cual se supone que estaba viviendo en Coatepec pero falleci\u00f3 el d\u00eda 4 de noviembre y hasta el momento el menor est\u00e1 bien o qu\u00e9 pas\u00f3 ya que el padre falleci\u00f3 por COVID-19 y lo \u00faltimo que supo de ellos es que estaban viviendo en el municipio antes mencionado y ning\u00fan familiar del padre le ha informado algo.<\/p>\n\n\n\n<p>Por lo anterior anduvo buscando en las fiscal\u00edas del estado de Veracruz para que se le restablezca el derecho de tener al menor ya que desconoce la direcci\u00f3n exacta de donde radicaba su pap\u00e1, ya que desde hace tres a\u00f1os se est\u00e1n divorciando y su pap\u00e1 tiene la custodia por parte del gobierno de Puebla, por lo que el padre del menor se traslad\u00f3 al estado de Veracruz.<\/p>\n\n\n\n<p>Por lo anterior decidi\u00f3 trasladarse a Xalapa para iniciar la b\u00fasqueda del menor y logr\u00f3 saber que el menor viv\u00eda en Coatepec, y actualmente teme mucho por su integridad f\u00edsica y su salud ya que ante la perdida de su pap\u00e1 se descontrola emocionalmente el menor.<\/p>\n\n\n\n<p>Lament\u00f3 que las autoridades de la fiscal\u00eda del estado, &#8220;dejan mucho que desear las autoridades de Xalapa, ya que es una falta de empat\u00eda muy grande hacia este tipo de casos, te topas con muchas trabas te topas con una revictimizacion incre\u00edblemente grande con el pasar de la bolita de que le toca a fulano que le toca a esta fiscal\u00eda que le toca a mengano&#8221;.<\/p>\n\n\n\n<p>Finalmente se\u00f1al\u00f3 que afortunadamente le recibieron la denuncia por el tema civil y ara la localizaci\u00f3n y ubicaci\u00f3n del menor adem\u00e1s de que se activar\u00e1 la alerta de localizaci\u00f3n.\u00a0<\/p>\n","protected":false},"excerpt":{"rendered":"<p>Dar\u00edo Pale Xalapa, Ver.- La se\u00f1ora Rosalinda Mart\u00ednez P\u00e9rez madre del menor Braulio dio a conocer que est\u00e1 solicitando el apoyo de la ciudadan\u00eda para poder localizar a su hijo ya que su pap\u00e1 Alonso Figueroa quien viv\u00eda en Coatepec falleci\u00f3 a principios de mes v\u00edctima del COVID-19, y no sabe nada del menor. En [&hellip;]<\/p>\n","protected":false},"author":1,"featured_media":20344,"comment_status":"open","ping_status":"open","sticky":false,"template":"","format":"standard","meta":{"_jetpack_memberships_contains_paid_content":false,"footnotes":""},"categories":[8],"tags":[],"class_list":["post-20343","post","type-post","status-publish","format-standard","has-post-thumbnail","hentry","category-region"],"jetpack_featured_media_url":"https:\/\/encuentroinformativo.com.mx\/wp-content\/uploads\/2021\/11\/913D24EF-8B11-477C-AC2B-107D834BCB50.jpeg","jetpack_sharing_enabled":true,"jetpack_likes_enabled":true,"amp_enabled":true,"_links":{"self":[{"href":"https:\/\/encuentroinformativo.com.mx\/index.php?rest_route=\/wp\/v2\/posts\/20343","targetHints":{"allow":["GET"]}}],"collection":[{"href":"https:\/\/encuentroinformativo.com.mx\/index.php?rest_route=\/wp\/v2\/posts"}],"about":[{"href":"https:\/\/encuentroinformativo.com.mx\/index.php?rest_route=\/wp\/v2\/types\/post"}],"author":[{"embeddable":true,"href":"https:\/\/encuentroinformativo.com.mx\/index.php?rest_route=\/wp\/v2\/users\/1"}],"replies":[{"embeddable":true,"href":"https:\/\/encuentroinformativo.com.mx\/index.php?rest_route=%2Fwp%2Fv2%2Fcomments&post=20343"}],"version-history":[{"count":1,"href":"https:\/\/encuentroinformativo.com.mx\/index.php?rest_route=\/wp\/v2\/posts\/20343\/revisions"}],"predecessor-version":[{"id":20345,"href":"https:\/\/encuentroinformativo.com.mx\/index.php?rest_route=\/wp\/v2\/posts\/20343\/revisions\/20345"}],"wp:featuredmedia":[{"embeddable":true,"href":"https:\/\/encuentroinformativo.com.mx\/index.php?rest_route=\/wp\/v2\/media\/20344"}],"wp:attachment":[{"href":"https:\/\/encuentroinformativo.com.mx\/index.php?rest_route=%2Fwp%2Fv2%2Fmedia&parent=20343"}],"wp:term":[{"taxonomy":"category","embeddable":true,"href":"https:\/\/encuentroinformativo.com.mx\/index.php?rest_route=%2Fwp%2Fv2%2Fcategories&post=20343"},{"taxonomy":"post_tag","embeddable":true,"href":"https:\/\/encuentroinformativo.com.mx\/index.php?rest_route=%2Fwp%2Fv2%2Ftags&post=20343"}],"curies":[{"name":"wp","href":"https:\/\/api.w.org\/{rel}","templated":true}]}}