{"id":20361,"date":"2021-11-15T12:59:25","date_gmt":"2021-11-15T18:59:25","guid":{"rendered":"https:\/\/encuentroinformativo.com.mx\/?p=20361"},"modified":"2021-11-15T12:59:29","modified_gmt":"2021-11-15T18:59:29","slug":"por-robos-y-afectaciones-primaria-sin-clases-presenciales","status":"publish","type":"post","link":"https:\/\/encuentroinformativo.com.mx\/?p=20361","title":{"rendered":"Por robos y afectaciones, primaria sin clases presenciales"},"content":{"rendered":"\n<p><strong>Juan Arcos<\/strong><\/p>\n\n\n\n<p>Xalapa, Ver.- La escuela primaria \u201cAdalberto Tejeda\u201d de la ciudad de Xalapa no ha iniciado clases presenciales, debido a que se han registrado robos y las condiciones del plantel son deplorables por las afectaciones que dej\u00f3 el paso del hurac\u00e1n \u201cGrace\u201d.<\/p>\n\n\n\n<p>El inmueble se encuentra sobre la avenida M\u00e9xico, en la colonia Lagunilla, una zona alejada del Centro Hist\u00f3rico de la capital del estado, que es paso para la colonia Revoluci\u00f3n, donde la incidencia delictiva es elevada.<\/p>\n\n\n\n<p>El pasado 21 de agosto, las fuertes lluvias que trajo consigo el fen\u00f3meno meteorol\u00f3gico en la ciudad, ocasionaron que el agua alcanzara un metro de altura y el lodo da\u00f1ara los materiales y los espacios.<\/p>\n\n\n\n<p>De acuerdo con madres y padres de familia, despu\u00e9s de eso, autoridades educativas visitaron el plantel, se tomaron fotograf\u00edas, prometieron atender las afectaciones y, hasta el momento, el problema contin\u00faa.<\/p>\n\n\n\n<p>Comentaron que han acudido a las oficinas centrales de la Secretar\u00eda de Educaci\u00f3n de Veracruz (SEV) en busca de una soluci\u00f3n y garantizar que los m\u00e1s de 200 alumnos retornen a las aulas.<\/p>\n\n\n\n<p>\u201cSe metieron todos los oficios que solicita la SEV, ya fuimos a Espacios Educativos, a la Secretar\u00eda\u201d, expresaron las mam\u00e1s y pap\u00e1s, quienes est\u00e1n preocupados por esta situaci\u00f3n.\u00a0<br>Las autoridades del plantel tambi\u00e9n han presentado denuncias en la Fiscal\u00eda General del Estado (FGE) tras los robos que se han registrado.<\/p>\n\n\n\n<p>\u201cNo se puede iniciar clases porque no hay luz, no est\u00e1n las condiciones. Queremos comenzar acciones por parte de los padres de familia, los ni\u00f1os ya necesitan entrar a la escuela\u201d.<\/p>\n\n\n\n<p>Por tal motivo, pidieron a las autoridades estatales su intervenci\u00f3n para el mejoramiento de las condiciones de la escuela y as\u00ed regresar a las actividades presenciales.<\/p>\n\n\n\n<figure class=\"wp-block-image size-large\"><img loading=\"lazy\" decoding=\"async\" width=\"992\" height=\"744\" src=\"https:\/\/encuentroinformativo.com.mx\/wp-content\/uploads\/2021\/11\/00D5E87A-4EF7-428D-A979-00EF100EC262.jpeg\" alt=\"\" class=\"wp-image-20363\" srcset=\"https:\/\/encuentroinformativo.com.mx\/wp-content\/uploads\/2021\/11\/00D5E87A-4EF7-428D-A979-00EF100EC262.jpeg 992w, https:\/\/encuentroinformativo.com.mx\/wp-content\/uploads\/2021\/11\/00D5E87A-4EF7-428D-A979-00EF100EC262-300x225.jpeg 300w, https:\/\/encuentroinformativo.com.mx\/wp-content\/uploads\/2021\/11\/00D5E87A-4EF7-428D-A979-00EF100EC262-768x576.jpeg 768w\" sizes=\"auto, (max-width: 992px) 100vw, 992px\" \/><\/figure>\n","protected":false},"excerpt":{"rendered":"<p>Juan Arcos Xalapa, Ver.- La escuela primaria \u201cAdalberto Tejeda\u201d de la ciudad de Xalapa no ha iniciado clases presenciales, debido a que se han registrado robos y las condiciones del plantel son deplorables por las afectaciones que dej\u00f3 el paso del hurac\u00e1n \u201cGrace\u201d. El inmueble se encuentra sobre la avenida M\u00e9xico, en la colonia Lagunilla, [&hellip;]<\/p>\n","protected":false},"author":1,"featured_media":20362,"comment_status":"open","ping_status":"open","sticky":false,"template":"","format":"standard","meta":{"_jetpack_memberships_contains_paid_content":false,"footnotes":""},"categories":[3],"tags":[],"class_list":["post-20361","post","type-post","status-publish","format-standard","has-post-thumbnail","hentry","category-xalapa"],"jetpack_featured_media_url":"https:\/\/encuentroinformativo.com.mx\/wp-content\/uploads\/2021\/11\/7571634D-BED1-49C7-A714-35C80FE15E35.jpeg","jetpack_sharing_enabled":true,"jetpack_likes_enabled":true,"amp_enabled":true,"_links":{"self":[{"href":"https:\/\/encuentroinformativo.com.mx\/index.php?rest_route=\/wp\/v2\/posts\/20361","targetHints":{"allow":["GET"]}}],"collection":[{"href":"https:\/\/encuentroinformativo.com.mx\/index.php?rest_route=\/wp\/v2\/posts"}],"about":[{"href":"https:\/\/encuentroinformativo.com.mx\/index.php?rest_route=\/wp\/v2\/types\/post"}],"author":[{"embeddable":true,"href":"https:\/\/encuentroinformativo.com.mx\/index.php?rest_route=\/wp\/v2\/users\/1"}],"replies":[{"embeddable":true,"href":"https:\/\/encuentroinformativo.com.mx\/index.php?rest_route=%2Fwp%2Fv2%2Fcomments&post=20361"}],"version-history":[{"count":1,"href":"https:\/\/encuentroinformativo.com.mx\/index.php?rest_route=\/wp\/v2\/posts\/20361\/revisions"}],"predecessor-version":[{"id":20364,"href":"https:\/\/encuentroinformativo.com.mx\/index.php?rest_route=\/wp\/v2\/posts\/20361\/revisions\/20364"}],"wp:featuredmedia":[{"embeddable":true,"href":"https:\/\/encuentroinformativo.com.mx\/index.php?rest_route=\/wp\/v2\/media\/20362"}],"wp:attachment":[{"href":"https:\/\/encuentroinformativo.com.mx\/index.php?rest_route=%2Fwp%2Fv2%2Fmedia&parent=20361"}],"wp:term":[{"taxonomy":"category","embeddable":true,"href":"https:\/\/encuentroinformativo.com.mx\/index.php?rest_route=%2Fwp%2Fv2%2Fcategories&post=20361"},{"taxonomy":"post_tag","embeddable":true,"href":"https:\/\/encuentroinformativo.com.mx\/index.php?rest_route=%2Fwp%2Fv2%2Ftags&post=20361"}],"curies":[{"name":"wp","href":"https:\/\/api.w.org\/{rel}","templated":true}]}}