{"id":2037,"date":"2020-04-22T14:50:52","date_gmt":"2020-04-22T19:50:52","guid":{"rendered":"https:\/\/encuentroinformativo.com\/?p=2037"},"modified":"2020-04-22T14:50:54","modified_gmt":"2020-04-22T19:50:54","slug":"pandemia-ha-permitido-respiro-a-la-tierra-lavida","status":"publish","type":"post","link":"https:\/\/encuentroinformativo.com.mx\/?p=2037","title":{"rendered":"Pandemia ha permitido respiro a la tierra: LAVIDA"},"content":{"rendered":"\n<p><strong>Dar\u00edo Pale <\/strong><\/p>\n\n\n\n<p>Xalapa, Ver.- Guillermo Rodr\u00edguez Curiel integrante de La Asamblea Veracruzana de Iniciativas y Defensa Ambiental \u00a0(LAVIDA), \u00a0dio a conocer que pese a que se escuchara mal la pandemia del coronavirus COVID-19 ha servido para dar un respiro a la Tierra.<\/p>\n\n\n\n<p>Entrevistado en conocido caf\u00e9 del centro de Xalapa, se\u00f1al\u00f3 que en este d\u00eda que se festeja el d\u00eda mundial de la Tierra, se est\u00e1 viviendo una pandemia la cual para \u00e9l es un llamado de alerta de la tierra de todos los males que se le han hecho.<\/p>\n\n\n\n<p>Se\u00f1al\u00f3 adem\u00e1s que espera que la pandemia servir\u00e1 para acabar con una normalidad marcada por la violencia, el consumismo y la destrucci\u00f3n del ambiente.<\/p>\n\n\n\n<p>&#8220;La normalidad que conocemos es violencia, destrucci\u00f3n del ambiente, consumismo, estoy convencido que esta normalidad va a desaparecer y a partir de ahora habr\u00e1 anormalidad&#8221;, coment\u00f3.<\/p>\n\n\n\n<p>Al conmemorar el D\u00eda Mundial de la Tierra, dijo que tras este periodo se ha logrado que regresen la fauna a las ciudades y confi\u00f3 en que esto sirva para que los seres humanos se reconecten con la Tierra.<\/p>\n\n\n\n<p>&#8220;Veremos m\u00e1s aves, habr\u00e1 menos consumo, habr\u00e1 menos violencia, la gente cambiar\u00e1 h\u00e1bitos y se reconectar\u00e1n con la tierra&#8221;, dio a conocer en entrevista.<\/p>\n\n\n\n<p>Finalmente dio a conocer que lamentablemente el crecimiento de la mancha urbana ha hecho que los mantos acu\u00edferos bajen sus causes debido a la expansi\u00f3n de la ciudad ha destruido gran parte de los bosques.<\/p>\n\n\n\n<p><\/p>\n","protected":false},"excerpt":{"rendered":"<p>Dar\u00edo Pale Xalapa, Ver.- Guillermo Rodr\u00edguez Curiel integrante de La Asamblea Veracruzana de Iniciativas y Defensa Ambiental \u00a0(LAVIDA), \u00a0dio a conocer que pese a que se escuchara mal la pandemia del coronavirus COVID-19 ha servido para dar un respiro a la Tierra. Entrevistado en conocido caf\u00e9 del centro de Xalapa, se\u00f1al\u00f3 que en este d\u00eda [&hellip;]<\/p>\n","protected":false},"author":1,"featured_media":2038,"comment_status":"open","ping_status":"open","sticky":false,"template":"","format":"standard","meta":{"_jetpack_memberships_contains_paid_content":false,"footnotes":""},"categories":[2],"tags":[],"class_list":["post-2037","post","type-post","status-publish","format-standard","has-post-thumbnail","hentry","category-estado"],"jetpack_featured_media_url":"https:\/\/encuentroinformativo.com.mx\/wp-content\/uploads\/2020\/04\/743204E3-45A4-42C2-9B42-560A550CE0EA.jpeg","jetpack_sharing_enabled":true,"jetpack_likes_enabled":true,"amp_enabled":true,"_links":{"self":[{"href":"https:\/\/encuentroinformativo.com.mx\/index.php?rest_route=\/wp\/v2\/posts\/2037","targetHints":{"allow":["GET"]}}],"collection":[{"href":"https:\/\/encuentroinformativo.com.mx\/index.php?rest_route=\/wp\/v2\/posts"}],"about":[{"href":"https:\/\/encuentroinformativo.com.mx\/index.php?rest_route=\/wp\/v2\/types\/post"}],"author":[{"embeddable":true,"href":"https:\/\/encuentroinformativo.com.mx\/index.php?rest_route=\/wp\/v2\/users\/1"}],"replies":[{"embeddable":true,"href":"https:\/\/encuentroinformativo.com.mx\/index.php?rest_route=%2Fwp%2Fv2%2Fcomments&post=2037"}],"version-history":[{"count":1,"href":"https:\/\/encuentroinformativo.com.mx\/index.php?rest_route=\/wp\/v2\/posts\/2037\/revisions"}],"predecessor-version":[{"id":2039,"href":"https:\/\/encuentroinformativo.com.mx\/index.php?rest_route=\/wp\/v2\/posts\/2037\/revisions\/2039"}],"wp:featuredmedia":[{"embeddable":true,"href":"https:\/\/encuentroinformativo.com.mx\/index.php?rest_route=\/wp\/v2\/media\/2038"}],"wp:attachment":[{"href":"https:\/\/encuentroinformativo.com.mx\/index.php?rest_route=%2Fwp%2Fv2%2Fmedia&parent=2037"}],"wp:term":[{"taxonomy":"category","embeddable":true,"href":"https:\/\/encuentroinformativo.com.mx\/index.php?rest_route=%2Fwp%2Fv2%2Fcategories&post=2037"},{"taxonomy":"post_tag","embeddable":true,"href":"https:\/\/encuentroinformativo.com.mx\/index.php?rest_route=%2Fwp%2Fv2%2Ftags&post=2037"}],"curies":[{"name":"wp","href":"https:\/\/api.w.org\/{rel}","templated":true}]}}