{"id":20375,"date":"2021-11-15T14:01:38","date_gmt":"2021-11-15T20:01:38","guid":{"rendered":"https:\/\/encuentroinformativo.com.mx\/?p=20375"},"modified":"2021-11-15T14:01:41","modified_gmt":"2021-11-15T20:01:41","slug":"dirigencia-abandono-a-rogelio-n-acusan-hijas","status":"publish","type":"post","link":"https:\/\/encuentroinformativo.com.mx\/?p=20375","title":{"rendered":"Dirigencia abandon\u00f3 a Rogelio \u201cN\u201d, acusan hijas"},"content":{"rendered":"\n<p><strong>Dar\u00edo Pale<\/strong><\/p>\n\n\n\n<p>Xalapa, Ver.- La Fiscal\u00eda General del Estado (FGE) busca sentenciar por m\u00e1s de 23 a\u00f1os por delito de ultrajes a la autoridad a Rogelio \u201cN\u201d, adem\u00e1s de que el PRD no debe ser comparsa del gobierno estatal y deber\u00eda ser una oposici\u00f3n firme, cercana de su militancia, as\u00ed opino su hija Mina Viviana Franco Alvarado.<\/p>\n\n\n\n<p>En conferencia de prensa realizada en conocido caf\u00e9 del centro de Xalapa, se\u00f1al\u00f3 que, &#8220;la militancia que conocemos porque recorrimos el Estado a nombre de mi pap\u00e1, vimos la necesidad real de la gente. Seguiremos trabajando como militantes que somos, es momento de reflexi\u00f3n y an\u00e1lisis sobre el papel que representa el PRD y para tener claro qu\u00e9 rumbo tomaremos, siempre apoyados en la militancia&#8221;.<\/p>\n\n\n\n<p>Dio a conocer que hoy su padre es un preso pol\u00edtico por &#8220;capricho&#8221;, pero no pierden la esperanza de que pronto pueda salir en libertad, esto pese a que la Fiscal\u00eda General del Estado busca darle una sentencia de 23 a\u00f1os 7 meses por un &#8220;delito que no cometi\u00f3&#8221;.<\/p>\n\n\n\n<p>&#8220;Esa pena no se la dan ni a quien comete homicidio&#8221;, se\u00f1al\u00f3 y agradeci\u00f3 las muestras de apoyo durante estos 8 meses que lleva internado en el penal de La Toma, en el municipio de Amatl\u00e1n.<\/p>\n\n\n\n<p>La hija menor de Franco afirm\u00f3 que el dirigente estatal, Sergio Cadena Mart\u00ednez se desentendi\u00f3 de su padre a los d\u00edas de su detenci\u00f3n, adem\u00e1s de que dio \u00f3rdenes de que no se opine nada de Franco.<\/p>\n\n\n\n<p>Tambi\u00e9n, Jes\u00fas Vel\u00e1squez Flores, suplente de Rogelio Franco en la C\u00e1mara de Diputados, se desentendi\u00f3 de la defensa, incluso lo desconocieron como su abogado.<\/p>\n\n\n\n<p>Finalmente dio a conocer &#8220;pero eso no importa, hay mucha gente pendiente de \u00e9l, sobre todo nosotras sus tres hijas, que estamos pendientes, unidas y lo amamos&#8221;.<\/p>\n","protected":false},"excerpt":{"rendered":"<p>Dar\u00edo Pale Xalapa, Ver.- La Fiscal\u00eda General del Estado (FGE) busca sentenciar por m\u00e1s de 23 a\u00f1os por delito de ultrajes a la autoridad a Rogelio \u201cN\u201d, adem\u00e1s de que el PRD no debe ser comparsa del gobierno estatal y deber\u00eda ser una oposici\u00f3n firme, cercana de su militancia, as\u00ed opino su hija Mina Viviana [&hellip;]<\/p>\n","protected":false},"author":1,"featured_media":20376,"comment_status":"open","ping_status":"open","sticky":false,"template":"","format":"standard","meta":{"_jetpack_memberships_contains_paid_content":false,"footnotes":""},"categories":[2],"tags":[],"class_list":["post-20375","post","type-post","status-publish","format-standard","has-post-thumbnail","hentry","category-estado"],"jetpack_featured_media_url":"https:\/\/encuentroinformativo.com.mx\/wp-content\/uploads\/2021\/11\/8B3F959A-4569-4DDA-A157-3EDE9BDB86B1.jpeg","jetpack_sharing_enabled":true,"jetpack_likes_enabled":true,"amp_enabled":true,"_links":{"self":[{"href":"https:\/\/encuentroinformativo.com.mx\/index.php?rest_route=\/wp\/v2\/posts\/20375","targetHints":{"allow":["GET"]}}],"collection":[{"href":"https:\/\/encuentroinformativo.com.mx\/index.php?rest_route=\/wp\/v2\/posts"}],"about":[{"href":"https:\/\/encuentroinformativo.com.mx\/index.php?rest_route=\/wp\/v2\/types\/post"}],"author":[{"embeddable":true,"href":"https:\/\/encuentroinformativo.com.mx\/index.php?rest_route=\/wp\/v2\/users\/1"}],"replies":[{"embeddable":true,"href":"https:\/\/encuentroinformativo.com.mx\/index.php?rest_route=%2Fwp%2Fv2%2Fcomments&post=20375"}],"version-history":[{"count":1,"href":"https:\/\/encuentroinformativo.com.mx\/index.php?rest_route=\/wp\/v2\/posts\/20375\/revisions"}],"predecessor-version":[{"id":20377,"href":"https:\/\/encuentroinformativo.com.mx\/index.php?rest_route=\/wp\/v2\/posts\/20375\/revisions\/20377"}],"wp:featuredmedia":[{"embeddable":true,"href":"https:\/\/encuentroinformativo.com.mx\/index.php?rest_route=\/wp\/v2\/media\/20376"}],"wp:attachment":[{"href":"https:\/\/encuentroinformativo.com.mx\/index.php?rest_route=%2Fwp%2Fv2%2Fmedia&parent=20375"}],"wp:term":[{"taxonomy":"category","embeddable":true,"href":"https:\/\/encuentroinformativo.com.mx\/index.php?rest_route=%2Fwp%2Fv2%2Fcategories&post=20375"},{"taxonomy":"post_tag","embeddable":true,"href":"https:\/\/encuentroinformativo.com.mx\/index.php?rest_route=%2Fwp%2Fv2%2Ftags&post=20375"}],"curies":[{"name":"wp","href":"https:\/\/api.w.org\/{rel}","templated":true}]}}