{"id":20378,"date":"2021-11-15T14:04:34","date_gmt":"2021-11-15T20:04:34","guid":{"rendered":"https:\/\/encuentroinformativo.com.mx\/?p=20378"},"modified":"2021-11-15T14:04:36","modified_gmt":"2021-11-15T20:04:36","slug":"por-senalamientos-de-acoso-destituyen-a-director-de-jurisdiccion-sanitaria","status":"publish","type":"post","link":"https:\/\/encuentroinformativo.com.mx\/?p=20378","title":{"rendered":"Por se\u00f1alamientos de acoso, destituyen a director de Jurisdicci\u00f3n Sanitaria"},"content":{"rendered":"\n<p><strong>Alejandro \u00c1vila<\/strong><\/p>\n\n\n\n<p>Veracruz, Ver.- Al menos 5 denuncias en la Contralor\u00eda Interna de la Secretar\u00eda de Salud tiene el director de la Jurisdicci\u00f3n Sanitaria 8, Enrique R\u00edos de la Fuente, todas, por presunto acoso sexual sobre sus subordinados.<\/p>\n\n\n\n<p>Debido a esto, ser\u00e1 separado de su cargo al frente de la Jurisdicci\u00f3n Sanitaria 8, con sede en la calle Alacio P\u00e9rez de Veracruz puerto.<\/p>\n\n\n\n<p>Las 5 trabajadoras quienes solicitaron el anonimato, se\u00f1alaron los abusos y hostigamiento laboral desde hace meses, incluso, descartan que sea dado de baja totalmente del organigrama de la Secretar\u00eda de Salud, pues aseguran \u00e9l mismo presume ser muy cercano a las &#8220;altas esferas&#8221; gubernamentales, por lo que seguramente ser\u00e1 removido a otro puesto en una ciudad sin tanta complicaci\u00f3n.<\/p>\n\n\n\n<p>Ante la evidencia de las quejas, se ha tomado la decisi\u00f3n de remover al doctor R\u00edos, toda vez que uno de los principios b\u00e1sicos de la Cuarta Transformaci\u00f3n es la anteponer en el desempe\u00f1o del trabajo de sus funcionarios la honestidad y calidad moral.<\/p>\n\n\n\n<p>Otros empleados, afirma que estos abusos se han venido presentando desde que tom\u00f3 posesi\u00f3n de la representaci\u00f3n de SESVER en Veracruz; incluso, se menciona que igualmente fue removido del Hospital Civil de Xalapa por imponer la misma practica inmoral.<\/p>\n\n\n\n<p>El nombramiento del nuevo jefe Jurisdiccional podr\u00eda ocurrir este lunes o martes.<\/p>\n","protected":false},"excerpt":{"rendered":"<p>Alejandro \u00c1vila Veracruz, Ver.- Al menos 5 denuncias en la Contralor\u00eda Interna de la Secretar\u00eda de Salud tiene el director de la Jurisdicci\u00f3n Sanitaria 8, Enrique R\u00edos de la Fuente, todas, por presunto acoso sexual sobre sus subordinados. Debido a esto, ser\u00e1 separado de su cargo al frente de la Jurisdicci\u00f3n Sanitaria 8, con sede [&hellip;]<\/p>\n","protected":false},"author":1,"featured_media":20379,"comment_status":"open","ping_status":"open","sticky":false,"template":"","format":"standard","meta":{"_jetpack_memberships_contains_paid_content":false,"footnotes":""},"categories":[9],"tags":[],"class_list":["post-20378","post","type-post","status-publish","format-standard","has-post-thumbnail","hentry","category-salud"],"jetpack_featured_media_url":"https:\/\/encuentroinformativo.com.mx\/wp-content\/uploads\/2021\/11\/8EA68D2D-EE39-4992-86B2-9132AC168043.jpeg","jetpack_sharing_enabled":true,"jetpack_likes_enabled":true,"amp_enabled":true,"_links":{"self":[{"href":"https:\/\/encuentroinformativo.com.mx\/index.php?rest_route=\/wp\/v2\/posts\/20378","targetHints":{"allow":["GET"]}}],"collection":[{"href":"https:\/\/encuentroinformativo.com.mx\/index.php?rest_route=\/wp\/v2\/posts"}],"about":[{"href":"https:\/\/encuentroinformativo.com.mx\/index.php?rest_route=\/wp\/v2\/types\/post"}],"author":[{"embeddable":true,"href":"https:\/\/encuentroinformativo.com.mx\/index.php?rest_route=\/wp\/v2\/users\/1"}],"replies":[{"embeddable":true,"href":"https:\/\/encuentroinformativo.com.mx\/index.php?rest_route=%2Fwp%2Fv2%2Fcomments&post=20378"}],"version-history":[{"count":1,"href":"https:\/\/encuentroinformativo.com.mx\/index.php?rest_route=\/wp\/v2\/posts\/20378\/revisions"}],"predecessor-version":[{"id":20380,"href":"https:\/\/encuentroinformativo.com.mx\/index.php?rest_route=\/wp\/v2\/posts\/20378\/revisions\/20380"}],"wp:featuredmedia":[{"embeddable":true,"href":"https:\/\/encuentroinformativo.com.mx\/index.php?rest_route=\/wp\/v2\/media\/20379"}],"wp:attachment":[{"href":"https:\/\/encuentroinformativo.com.mx\/index.php?rest_route=%2Fwp%2Fv2%2Fmedia&parent=20378"}],"wp:term":[{"taxonomy":"category","embeddable":true,"href":"https:\/\/encuentroinformativo.com.mx\/index.php?rest_route=%2Fwp%2Fv2%2Fcategories&post=20378"},{"taxonomy":"post_tag","embeddable":true,"href":"https:\/\/encuentroinformativo.com.mx\/index.php?rest_route=%2Fwp%2Fv2%2Ftags&post=20378"}],"curies":[{"name":"wp","href":"https:\/\/api.w.org\/{rel}","templated":true}]}}