{"id":20384,"date":"2021-11-15T14:15:05","date_gmt":"2021-11-15T20:15:05","guid":{"rendered":"https:\/\/encuentroinformativo.com.mx\/?p=20384"},"modified":"2021-11-15T14:15:09","modified_gmt":"2021-11-15T20:15:09","slug":"acusan-operacion-de-bandas-delictivas-en-mercado-malibran","status":"publish","type":"post","link":"https:\/\/encuentroinformativo.com.mx\/?p=20384","title":{"rendered":"Acusan operaci\u00f3n de bandas delictivas en Mercado Malibran"},"content":{"rendered":"\n<p><strong>Alejandro \u00c1vila<\/strong><\/p>\n\n\n\n<p>Veracruz, Ver.- Entre los proyectos pendientes que existen en el mercado Malibran, es la creaci\u00f3n de una barda perimetral de concreto entre la laguna y la zona comercial, pues la malla con la que cuentan es rota por los delincuentes y ah\u00ed aprovechan para entrar y salir tras realizar su fechor\u00eda.<\/p>\n\n\n\n<p>Antonio Castro Ortiz, presidente de la Uni\u00f3n de Comerciantes &#8220;Emiliano Zapata&#8221; del mercado Malibr\u00e1n, detall\u00f3 que existen cerca de 5 bandas delictivas que operan dentro de la zona mercantil, siendo varios locatarios los afectados con los constantes robos.<\/p>\n\n\n\n<p>&#8220;No queremos una barda de lujo, queremos una barda de block, normal, y son varios metros, son aproximadamente 160 metros y vaya, est\u00e1 pendiente (\u2026) en cuanto a los robos, hay como cuatro o cinco bandas, y la m\u00e1s famosa es una de ellas que trae hasta a un ni\u00f1o, m\u00e1s bien es un ni\u00f1o pero como de unos 10 a\u00f1os, ese te hacen un hoyo en la lamina y por ah\u00ed lo descuelgan, y \u00e9l te trata de abrir puerta o cortina, y por ah\u00ed se roban las cosas&#8221;, coment\u00f3.<\/p>\n\n\n\n<p>Destac\u00f3 que practicamente todos los d\u00edas existen denuncias de los locatarios por &#8220;p\u00e9rdidas&#8221; de basculas, morralla, dinero, mercanc\u00eda, entre otras cosas; dichos hurtos se dan sobre todo por las noches y algunos delincuentes ocupan motocicleta para huir r\u00e1pido del lugar.<\/p>\n\n\n\n<p>En ese sentido, dijo que ya exist\u00eda un proyecto para dotar de c\u00e1maras de videovigilancia al mercado Malibran, dichas c\u00e1maras est\u00e1n colocadas en toda el \u00e1rea mercantil, pero estas no est\u00e1n conectadas al C5, por ello carecen de apoyo cuando existen robos.<\/p>\n\n\n\n<p>Aunado a ello, destac\u00f3 que con recurso propio, de los locatarios y del Ayuntamiento, se logr\u00f3 remodelar la Caseta de Polic\u00eda, aunque es la fecha en que no han podido dotarla de elementos para mejorar la seguridad en la zona.<\/p>\n\n\n\n<p>&#8220;Pero no tenemos polic\u00eda, porque el Gobierno del Estado est\u00e1 jugando con el municipio al gato y al rat\u00f3n, y eso nos ha perjudicado porque no tenemos polic\u00edas (\u2026) pues ya quisieramos aunque sea dos, de a jodido, nom\u00e1s que tengan patrulla (\u2026) ya nos cansamos de mandar oficios&#8221;, acus\u00f3.<\/p>\n","protected":false},"excerpt":{"rendered":"<p>Alejandro \u00c1vila Veracruz, Ver.- Entre los proyectos pendientes que existen en el mercado Malibran, es la creaci\u00f3n de una barda perimetral de concreto entre la laguna y la zona comercial, pues la malla con la que cuentan es rota por los delincuentes y ah\u00ed aprovechan para entrar y salir tras realizar su fechor\u00eda. Antonio Castro [&hellip;]<\/p>\n","protected":false},"author":1,"featured_media":20385,"comment_status":"open","ping_status":"open","sticky":false,"template":"","format":"standard","meta":{"_jetpack_memberships_contains_paid_content":false,"footnotes":""},"categories":[14],"tags":[],"class_list":["post-20384","post","type-post","status-publish","format-standard","has-post-thumbnail","hentry","category-policiaca"],"jetpack_featured_media_url":"https:\/\/encuentroinformativo.com.mx\/wp-content\/uploads\/2021\/11\/49861EA4-CA5C-4B4B-B027-FA60382A7B15.jpeg","jetpack_sharing_enabled":true,"jetpack_likes_enabled":true,"amp_enabled":true,"_links":{"self":[{"href":"https:\/\/encuentroinformativo.com.mx\/index.php?rest_route=\/wp\/v2\/posts\/20384","targetHints":{"allow":["GET"]}}],"collection":[{"href":"https:\/\/encuentroinformativo.com.mx\/index.php?rest_route=\/wp\/v2\/posts"}],"about":[{"href":"https:\/\/encuentroinformativo.com.mx\/index.php?rest_route=\/wp\/v2\/types\/post"}],"author":[{"embeddable":true,"href":"https:\/\/encuentroinformativo.com.mx\/index.php?rest_route=\/wp\/v2\/users\/1"}],"replies":[{"embeddable":true,"href":"https:\/\/encuentroinformativo.com.mx\/index.php?rest_route=%2Fwp%2Fv2%2Fcomments&post=20384"}],"version-history":[{"count":1,"href":"https:\/\/encuentroinformativo.com.mx\/index.php?rest_route=\/wp\/v2\/posts\/20384\/revisions"}],"predecessor-version":[{"id":20386,"href":"https:\/\/encuentroinformativo.com.mx\/index.php?rest_route=\/wp\/v2\/posts\/20384\/revisions\/20386"}],"wp:featuredmedia":[{"embeddable":true,"href":"https:\/\/encuentroinformativo.com.mx\/index.php?rest_route=\/wp\/v2\/media\/20385"}],"wp:attachment":[{"href":"https:\/\/encuentroinformativo.com.mx\/index.php?rest_route=%2Fwp%2Fv2%2Fmedia&parent=20384"}],"wp:term":[{"taxonomy":"category","embeddable":true,"href":"https:\/\/encuentroinformativo.com.mx\/index.php?rest_route=%2Fwp%2Fv2%2Fcategories&post=20384"},{"taxonomy":"post_tag","embeddable":true,"href":"https:\/\/encuentroinformativo.com.mx\/index.php?rest_route=%2Fwp%2Fv2%2Ftags&post=20384"}],"curies":[{"name":"wp","href":"https:\/\/api.w.org\/{rel}","templated":true}]}}