{"id":20387,"date":"2021-11-15T14:19:15","date_gmt":"2021-11-15T20:19:15","guid":{"rendered":"https:\/\/encuentroinformativo.com.mx\/?p=20387"},"modified":"2021-11-15T14:19:18","modified_gmt":"2021-11-15T20:19:18","slug":"por-feminicidios-buscaran-reforma-al-codigo-penal-de-veracruz","status":"publish","type":"post","link":"https:\/\/encuentroinformativo.com.mx\/?p=20387","title":{"rendered":"Por feminicidios, buscar\u00e1n reforma al C\u00f3digo Penal de Veracruz"},"content":{"rendered":"\n<p><strong>Alejandro \u00c1vila<\/strong><\/p>\n\n\n\n<p>Veracruz, Ver.- Para atacar e intentar disminuir los feminicidios en Veracruz, la diputada local, Anil\u00fa Ingram Vallines buscar\u00e1 desde el Congreso Local reformar el art\u00edculo  345 del C\u00f3digo Penal.<\/p>\n\n\n\n<p>La coordinadora del Grupo Legislativo del PRI, sostuvo una reuni\u00f3n hace unos d\u00edas con el Colectiva Feminista &#8220;Brujas del Mar&#8221;, quienes le expusieron temas sensibles y que realmente generan un beneficio para Veracruz y sus mujeres.<\/p>\n\n\n\n<p>&#8220;Justamente la impunidad es el resultado de un mal marco jur\u00eddico, el encubrimiento en un feminicidio debe ser causa suficiente para ser juzgado por un delito. Estamos analizando en conjunto reforzar el articulo 345 del C\u00f3digo Penal Local, es un compromiso por parte de una servidora&#8221;, puntualiz\u00f3 Ingram Vallines.<\/p>\n\n\n\n<p>El Observatorio Universitario de Violencia contra las Mujeres, inform\u00f3 que en 2021 se han registrado en Veracruz 436 desapariciones de mujeres y 62 feminicidios; todos con alto porcentaje de impunidad.<\/p>\n\n\n\n<p>Es por ello que la presidenta de la Comisi\u00f3n Permanente de Atenci\u00f3n a Grupos Vulnerables, Anil\u00fa Ingram Vallines, puntualiz\u00f3 que esta acci\u00f3n ser\u00e1 parte central y prioritaria en su agenda legislativa.<\/p>\n","protected":false},"excerpt":{"rendered":"<p>Alejandro \u00c1vila Veracruz, Ver.- Para atacar e intentar disminuir los feminicidios en Veracruz, la diputada local, Anil\u00fa Ingram Vallines buscar\u00e1 desde el Congreso Local reformar el art\u00edculo 345 del C\u00f3digo Penal. La coordinadora del Grupo Legislativo del PRI, sostuvo una reuni\u00f3n hace unos d\u00edas con el Colectiva Feminista &#8220;Brujas del Mar&#8221;, quienes le expusieron temas [&hellip;]<\/p>\n","protected":false},"author":1,"featured_media":20388,"comment_status":"open","ping_status":"open","sticky":false,"template":"","format":"standard","meta":{"_jetpack_memberships_contains_paid_content":false,"footnotes":""},"categories":[2],"tags":[],"class_list":["post-20387","post","type-post","status-publish","format-standard","has-post-thumbnail","hentry","category-estado"],"jetpack_featured_media_url":"https:\/\/encuentroinformativo.com.mx\/wp-content\/uploads\/2021\/11\/38BBE420-A09D-48BC-8F55-6659C2C91136.jpeg","jetpack_sharing_enabled":true,"jetpack_likes_enabled":true,"amp_enabled":true,"_links":{"self":[{"href":"https:\/\/encuentroinformativo.com.mx\/index.php?rest_route=\/wp\/v2\/posts\/20387","targetHints":{"allow":["GET"]}}],"collection":[{"href":"https:\/\/encuentroinformativo.com.mx\/index.php?rest_route=\/wp\/v2\/posts"}],"about":[{"href":"https:\/\/encuentroinformativo.com.mx\/index.php?rest_route=\/wp\/v2\/types\/post"}],"author":[{"embeddable":true,"href":"https:\/\/encuentroinformativo.com.mx\/index.php?rest_route=\/wp\/v2\/users\/1"}],"replies":[{"embeddable":true,"href":"https:\/\/encuentroinformativo.com.mx\/index.php?rest_route=%2Fwp%2Fv2%2Fcomments&post=20387"}],"version-history":[{"count":1,"href":"https:\/\/encuentroinformativo.com.mx\/index.php?rest_route=\/wp\/v2\/posts\/20387\/revisions"}],"predecessor-version":[{"id":20389,"href":"https:\/\/encuentroinformativo.com.mx\/index.php?rest_route=\/wp\/v2\/posts\/20387\/revisions\/20389"}],"wp:featuredmedia":[{"embeddable":true,"href":"https:\/\/encuentroinformativo.com.mx\/index.php?rest_route=\/wp\/v2\/media\/20388"}],"wp:attachment":[{"href":"https:\/\/encuentroinformativo.com.mx\/index.php?rest_route=%2Fwp%2Fv2%2Fmedia&parent=20387"}],"wp:term":[{"taxonomy":"category","embeddable":true,"href":"https:\/\/encuentroinformativo.com.mx\/index.php?rest_route=%2Fwp%2Fv2%2Fcategories&post=20387"},{"taxonomy":"post_tag","embeddable":true,"href":"https:\/\/encuentroinformativo.com.mx\/index.php?rest_route=%2Fwp%2Fv2%2Ftags&post=20387"}],"curies":[{"name":"wp","href":"https:\/\/api.w.org\/{rel}","templated":true}]}}