{"id":20394,"date":"2021-11-15T16:58:58","date_gmt":"2021-11-15T22:58:58","guid":{"rendered":"https:\/\/encuentroinformativo.com.mx\/?p=20394"},"modified":"2021-11-15T16:59:01","modified_gmt":"2021-11-15T22:59:01","slug":"se-oponen-docentes-al-retorno-a-clases-presenciales","status":"publish","type":"post","link":"https:\/\/encuentroinformativo.com.mx\/?p=20394","title":{"rendered":"Se oponen docentes al retorno a clases presenciales"},"content":{"rendered":"\n<p><strong>Juan Arcos<\/strong><\/p>\n\n\n\n<p>Xalapa, Ver.- Docentes del estado de Veracruz no est\u00e1n dispuestos a regresar a clases presenciales durante la segunda quincena de noviembre al considerar que a\u00fan hay riesgo por contagios de SARS-COV-2 (COVID-19).<\/p>\n\n\n\n<p>Se trata de integrantes del Sindicato Innovador Magisterial Veracruzano (SIMVE), quienes se reunir\u00e1n para acordar la fecha del regreso a clases presenciales.<\/p>\n\n\n\n<p>De acuerdo con el l\u00edder del SIMVE, Gerardo Vel\u00e1zquez Maravert, lo ideal es que el retorno a las aulas se programe para el siguiente a\u00f1o, toda vez que a\u00fan no hay condiciones de salud para ello.<\/p>\n\n\n\n<p>&#8220;Vamos a tener una reuni\u00f3n con el gremio y lo que ellos indiquen. Si es que ellos quieren regresar y consideran que ya no hay tanto riesgo como hab\u00eda, vamos a respetar la decisi\u00f3n&#8221;.<\/p>\n\n\n\n<p>El entrevistado asegur\u00f3 que los acuerdos tomados por el sindicato que encabeza se dar\u00e1n a conocer de manera p\u00fablica durante los siguientes d\u00edas.<\/p>\n\n\n\n<p>&#8220;Aunque pareciera que ha bajado el \u00edndice de contagiados y los compa\u00f1eros est\u00e1n trabajando de una manera eficiente. Y yo no le veo el sentido de regresar de manera presencial&#8221;.<\/p>\n\n\n\n<p>El l\u00edder sindical mencion\u00f3 que lo ideal es retornar a las aulas cuando haya seguridad y se garantice la salud de la comunidad escolar.<\/p>\n\n\n\n<p>En ese sentido, Vel\u00e1zquez Maravert se\u00f1al\u00f3 que ser\u00eda oportuno el regreso a clases presenciales hasta enero de 2022.<\/p>\n\n\n\n<p>Cabe recordar que algunas escuelas del nivel b\u00e1sico est\u00e1n convocando al retorno a las aulas durante esta semana; sin embargo, tambi\u00e9n hay madres y padres de familia que se oponen a dicha determinaci\u00f3n.<\/p>\n","protected":false},"excerpt":{"rendered":"<p>Juan Arcos Xalapa, Ver.- Docentes del estado de Veracruz no est\u00e1n dispuestos a regresar a clases presenciales durante la segunda quincena de noviembre al considerar que a\u00fan hay riesgo por contagios de SARS-COV-2 (COVID-19). Se trata de integrantes del Sindicato Innovador Magisterial Veracruzano (SIMVE), quienes se reunir\u00e1n para acordar la fecha del regreso a clases [&hellip;]<\/p>\n","protected":false},"author":1,"featured_media":20395,"comment_status":"open","ping_status":"open","sticky":false,"template":"","format":"standard","meta":{"_jetpack_memberships_contains_paid_content":false,"footnotes":""},"categories":[3],"tags":[],"class_list":["post-20394","post","type-post","status-publish","format-standard","has-post-thumbnail","hentry","category-xalapa"],"jetpack_featured_media_url":"https:\/\/encuentroinformativo.com.mx\/wp-content\/uploads\/2021\/11\/CAE25D85-47C3-48A8-A38E-9F2E8CA69C7E.jpeg","jetpack_sharing_enabled":true,"jetpack_likes_enabled":true,"amp_enabled":true,"_links":{"self":[{"href":"https:\/\/encuentroinformativo.com.mx\/index.php?rest_route=\/wp\/v2\/posts\/20394","targetHints":{"allow":["GET"]}}],"collection":[{"href":"https:\/\/encuentroinformativo.com.mx\/index.php?rest_route=\/wp\/v2\/posts"}],"about":[{"href":"https:\/\/encuentroinformativo.com.mx\/index.php?rest_route=\/wp\/v2\/types\/post"}],"author":[{"embeddable":true,"href":"https:\/\/encuentroinformativo.com.mx\/index.php?rest_route=\/wp\/v2\/users\/1"}],"replies":[{"embeddable":true,"href":"https:\/\/encuentroinformativo.com.mx\/index.php?rest_route=%2Fwp%2Fv2%2Fcomments&post=20394"}],"version-history":[{"count":1,"href":"https:\/\/encuentroinformativo.com.mx\/index.php?rest_route=\/wp\/v2\/posts\/20394\/revisions"}],"predecessor-version":[{"id":20396,"href":"https:\/\/encuentroinformativo.com.mx\/index.php?rest_route=\/wp\/v2\/posts\/20394\/revisions\/20396"}],"wp:featuredmedia":[{"embeddable":true,"href":"https:\/\/encuentroinformativo.com.mx\/index.php?rest_route=\/wp\/v2\/media\/20395"}],"wp:attachment":[{"href":"https:\/\/encuentroinformativo.com.mx\/index.php?rest_route=%2Fwp%2Fv2%2Fmedia&parent=20394"}],"wp:term":[{"taxonomy":"category","embeddable":true,"href":"https:\/\/encuentroinformativo.com.mx\/index.php?rest_route=%2Fwp%2Fv2%2Fcategories&post=20394"},{"taxonomy":"post_tag","embeddable":true,"href":"https:\/\/encuentroinformativo.com.mx\/index.php?rest_route=%2Fwp%2Fv2%2Ftags&post=20394"}],"curies":[{"name":"wp","href":"https:\/\/api.w.org\/{rel}","templated":true}]}}