{"id":20400,"date":"2021-11-15T17:21:54","date_gmt":"2021-11-15T23:21:54","guid":{"rendered":"https:\/\/encuentroinformativo.com.mx\/?p=20400"},"modified":"2021-11-15T17:21:58","modified_gmt":"2021-11-15T23:21:58","slug":"sigue-entrega-de-apoyos-para-afectados-por-grace","status":"publish","type":"post","link":"https:\/\/encuentroinformativo.com.mx\/?p=20400","title":{"rendered":"Sigue entrega de apoyos para afectados por Grace"},"content":{"rendered":"\n<p><strong>Dar\u00edo Pale<\/strong><\/p>\n\n\n\n<p>Xalapa, Ver.- La titular de a Secretar\u00eda de Proteccion Civil del Estado Guadalupe Osorno Maldonado dio a conocer que la Secretar\u00eda de la Defensa Nacional (Sedena) contin\u00faa entregando electrodom\u00e9sticos a personas afectadas por el paso del hurac\u00e1n Grace en Veracruz.<\/p>\n\n\n\n<p>Entrevistada a su arribo al Congreso del Estado, asegur\u00f3 que la entrega de insumos humanitarios ya concluy\u00f3, sumando un mill\u00f3n y medio de apoyos entregados en la entidad.<\/p>\n\n\n\n<p>\u201cEl gobierno del presidente Andr\u00e9s Manuel L\u00f3pez Obrador apoy\u00f3 como nunca a las personas damnificadas, particularmente en el estado de Veracruz, la Federaci\u00f3n dio apoyos a los afectados y todav\u00eda est\u00e1 la Sedena en el reparto de enseres&#8221;, se\u00f1al\u00f3.<\/p>\n\n\n\n<p>&#8220;Lo \u00faltimo que coment\u00e9 con el General \u00c1lvarez, que es el Comandante de la IXX Zona Militar, es que est\u00e1n a la espera de electrodom\u00e9sticos, todav\u00eda les faltaban refrigeradores, porque hab\u00eda una escasez de producci\u00f3n en el pa\u00eds, esperemos que se vaya regularizando&#8221;, agreg\u00f3.<\/p>\n\n\n\n<p>Finalmente en otro orden de ideas en lo que se refiere al paso del frente fr\u00edo n\u00famero 8, descart\u00f3 que se hayan registrado afectaciones a la poblaci\u00f3n. \u00a0<\/p>\n","protected":false},"excerpt":{"rendered":"<p>Dar\u00edo Pale Xalapa, Ver.- La titular de a Secretar\u00eda de Proteccion Civil del Estado Guadalupe Osorno Maldonado dio a conocer que la Secretar\u00eda de la Defensa Nacional (Sedena) contin\u00faa entregando electrodom\u00e9sticos a personas afectadas por el paso del hurac\u00e1n Grace en Veracruz. Entrevistada a su arribo al Congreso del Estado, asegur\u00f3 que la entrega de [&hellip;]<\/p>\n","protected":false},"author":1,"featured_media":20401,"comment_status":"open","ping_status":"open","sticky":false,"template":"","format":"standard","meta":{"_jetpack_memberships_contains_paid_content":false,"footnotes":""},"categories":[2],"tags":[],"class_list":["post-20400","post","type-post","status-publish","format-standard","has-post-thumbnail","hentry","category-estado"],"jetpack_featured_media_url":"https:\/\/encuentroinformativo.com.mx\/wp-content\/uploads\/2021\/11\/C04379A6-D32C-43A5-98EF-BEC7589D6F4A.jpeg","jetpack_sharing_enabled":true,"jetpack_likes_enabled":true,"amp_enabled":true,"_links":{"self":[{"href":"https:\/\/encuentroinformativo.com.mx\/index.php?rest_route=\/wp\/v2\/posts\/20400","targetHints":{"allow":["GET"]}}],"collection":[{"href":"https:\/\/encuentroinformativo.com.mx\/index.php?rest_route=\/wp\/v2\/posts"}],"about":[{"href":"https:\/\/encuentroinformativo.com.mx\/index.php?rest_route=\/wp\/v2\/types\/post"}],"author":[{"embeddable":true,"href":"https:\/\/encuentroinformativo.com.mx\/index.php?rest_route=\/wp\/v2\/users\/1"}],"replies":[{"embeddable":true,"href":"https:\/\/encuentroinformativo.com.mx\/index.php?rest_route=%2Fwp%2Fv2%2Fcomments&post=20400"}],"version-history":[{"count":1,"href":"https:\/\/encuentroinformativo.com.mx\/index.php?rest_route=\/wp\/v2\/posts\/20400\/revisions"}],"predecessor-version":[{"id":20402,"href":"https:\/\/encuentroinformativo.com.mx\/index.php?rest_route=\/wp\/v2\/posts\/20400\/revisions\/20402"}],"wp:featuredmedia":[{"embeddable":true,"href":"https:\/\/encuentroinformativo.com.mx\/index.php?rest_route=\/wp\/v2\/media\/20401"}],"wp:attachment":[{"href":"https:\/\/encuentroinformativo.com.mx\/index.php?rest_route=%2Fwp%2Fv2%2Fmedia&parent=20400"}],"wp:term":[{"taxonomy":"category","embeddable":true,"href":"https:\/\/encuentroinformativo.com.mx\/index.php?rest_route=%2Fwp%2Fv2%2Fcategories&post=20400"},{"taxonomy":"post_tag","embeddable":true,"href":"https:\/\/encuentroinformativo.com.mx\/index.php?rest_route=%2Fwp%2Fv2%2Ftags&post=20400"}],"curies":[{"name":"wp","href":"https:\/\/api.w.org\/{rel}","templated":true}]}}