{"id":20405,"date":"2021-11-15T17:32:25","date_gmt":"2021-11-15T23:32:25","guid":{"rendered":"https:\/\/encuentroinformativo.com.mx\/?p=20405"},"modified":"2021-11-15T17:32:28","modified_gmt":"2021-11-15T23:32:28","slug":"mantendra-sev-opcion-de-retornos-voluntarios-a-clases","status":"publish","type":"post","link":"https:\/\/encuentroinformativo.com.mx\/?p=20405","title":{"rendered":"Mantendr\u00e1 SEV opci\u00f3n de retornos voluntarios a clases"},"content":{"rendered":"\n<p><strong>Dar\u00edo Pale <\/strong><\/p>\n\n\n\n<p>Xalapa, Ver.- La oficial mayor de la Secretaria de Educaci\u00f3n de Veracruz (SEV), Ariadna Selene Aguilar Amaya, confi\u00f3 en que la semana entrante se registre un regreso masivo a las aulas en la mayor parte del estado, no obstante continuar\u00e1n dando la opci\u00f3n de retornos voluntarios.<\/p>\n\n\n\n<p>Entrevistada en el Congreso del Estado record\u00f3 que a partir de este martes 16 de noviembre todos los trabajadores estatales deben regresar a sus labores de manera presencial.<\/p>\n\n\n\n<p>Se\u00f1al\u00f3 que en el caso de los maestros, la SEV seguir\u00e1 dando la opci\u00f3n de retornos voluntarios, dependiendo de la situaci\u00f3n de cada localidad donde se ubiquen las escuelas.<\/p>\n\n\n\n<p>\u201cYa toda la administraci\u00f3n dependiente del Ejecutivo, empezamos ya la siguiente semana, la Secretar\u00eda de Educaci\u00f3n siempre estuvo en guardias, en cuanto a los administrativos, ya regresamos en la totalidad y en cuanto a los docentes, esperamos que haya una respuesta similar&#8221;, se\u00f1al\u00f3.<\/p>\n\n\n\n<p>Finalmente coment\u00f3 que &#8220;cada escuela tiene sus particularidades, no estamos oblig\u00e1ndoles a que tengan que regresar, porque a lo mejor en esas zonas pudiera haber alguna circunstancia. Hemos sido muy responsables, tanto los compa\u00f1eros docentes como las autoridades en el hecho de que analice cada quien su situaci\u00f3n. Esperamos que esta semana pueda haber un regreso masivo, mayor al que ha habido\u201d.<\/p>\n","protected":false},"excerpt":{"rendered":"<p>Dar\u00edo Pale Xalapa, Ver.- La oficial mayor de la Secretaria de Educaci\u00f3n de Veracruz (SEV), Ariadna Selene Aguilar Amaya, confi\u00f3 en que la semana entrante se registre un regreso masivo a las aulas en la mayor parte del estado, no obstante continuar\u00e1n dando la opci\u00f3n de retornos voluntarios. Entrevistada en el Congreso del Estado record\u00f3 [&hellip;]<\/p>\n","protected":false},"author":1,"featured_media":20404,"comment_status":"open","ping_status":"open","sticky":false,"template":"","format":"standard","meta":{"_jetpack_memberships_contains_paid_content":false,"footnotes":""},"categories":[2],"tags":[],"class_list":["post-20405","post","type-post","status-publish","format-standard","has-post-thumbnail","hentry","category-estado"],"jetpack_featured_media_url":"https:\/\/encuentroinformativo.com.mx\/wp-content\/uploads\/2021\/11\/6BB185B8-5AE4-4875-855A-EF820B729061.jpeg","jetpack_sharing_enabled":true,"jetpack_likes_enabled":true,"amp_enabled":true,"_links":{"self":[{"href":"https:\/\/encuentroinformativo.com.mx\/index.php?rest_route=\/wp\/v2\/posts\/20405","targetHints":{"allow":["GET"]}}],"collection":[{"href":"https:\/\/encuentroinformativo.com.mx\/index.php?rest_route=\/wp\/v2\/posts"}],"about":[{"href":"https:\/\/encuentroinformativo.com.mx\/index.php?rest_route=\/wp\/v2\/types\/post"}],"author":[{"embeddable":true,"href":"https:\/\/encuentroinformativo.com.mx\/index.php?rest_route=\/wp\/v2\/users\/1"}],"replies":[{"embeddable":true,"href":"https:\/\/encuentroinformativo.com.mx\/index.php?rest_route=%2Fwp%2Fv2%2Fcomments&post=20405"}],"version-history":[{"count":1,"href":"https:\/\/encuentroinformativo.com.mx\/index.php?rest_route=\/wp\/v2\/posts\/20405\/revisions"}],"predecessor-version":[{"id":20406,"href":"https:\/\/encuentroinformativo.com.mx\/index.php?rest_route=\/wp\/v2\/posts\/20405\/revisions\/20406"}],"wp:featuredmedia":[{"embeddable":true,"href":"https:\/\/encuentroinformativo.com.mx\/index.php?rest_route=\/wp\/v2\/media\/20404"}],"wp:attachment":[{"href":"https:\/\/encuentroinformativo.com.mx\/index.php?rest_route=%2Fwp%2Fv2%2Fmedia&parent=20405"}],"wp:term":[{"taxonomy":"category","embeddable":true,"href":"https:\/\/encuentroinformativo.com.mx\/index.php?rest_route=%2Fwp%2Fv2%2Fcategories&post=20405"},{"taxonomy":"post_tag","embeddable":true,"href":"https:\/\/encuentroinformativo.com.mx\/index.php?rest_route=%2Fwp%2Fv2%2Ftags&post=20405"}],"curies":[{"name":"wp","href":"https:\/\/api.w.org\/{rel}","templated":true}]}}