{"id":20407,"date":"2021-11-16T09:18:40","date_gmt":"2021-11-16T15:18:40","guid":{"rendered":"https:\/\/encuentroinformativo.com.mx\/?p=20407"},"modified":"2021-11-16T09:18:43","modified_gmt":"2021-11-16T15:18:43","slug":"turistas-se-quedaron-fuera-de-el-tajin","status":"publish","type":"post","link":"https:\/\/encuentroinformativo.com.mx\/?p=20407","title":{"rendered":"Turistas se quedaron fuera de El Taj\u00edn"},"content":{"rendered":"\n<p><strong>Alejandro \u00c1vila<\/strong><\/p>\n\n\n\n<p>Papantla, Ver.- Decenas de prestadores de servicio tur\u00edstico y visitantes arremetieron este lunes 15 de noviembre contra la secretaria de Turismo, X\u00f3chitl Arbes\u00fa Lago, pues incumpli\u00f3 su promesa y no abri\u00f3 el parque tem\u00e1tico Takilhsukut como prometi\u00f3 hace un mes.<\/p>\n\n\n\n<p>Cabe recordar que durante la inauguraci\u00f3n del Festival &#8220;Peregrinar de las Almas&#8221; &#8211; a finales de octubre- que dio inici\u00f3 a la reactivaci\u00f3n econ\u00f3mica y tur\u00edstica en Papantla, la secretaria de Turismo, asegur\u00f3 que el 15 de noviembre ser\u00edan aperturadas varias zonas arqueol\u00f3gicas del estado, entre ellas el Taj\u00edn, una de las m\u00e1s esperadas.<\/p>\n\n\n\n<p>Desde la ma\u00f1ana de este lunes, decenas de turistas procedentes de varios estados de la rep\u00fablica, se quedaron con las ganas de ingresar a&nbsp; este lugar; a pesar de solicitar al custodio que los dejar\u00e1n pasar, pues viejaron de lejos aprovechando el &#8220;puente&#8221;, a sabiendas que este lunes abr\u00edan.<\/p>\n\n\n\n<p>Los visitantes procedentes de Pachuca, Tampico, incluso de Estados Unidos, se quedaron con las ganas de recorrer la zona arqueol\u00f3gica el Taj\u00edn, lamentando venir desde tan lejos y no poder acceder a este centro ceremonial, argumentando que a trav\u00e9s del Internet se enteraron que hoy se daba la reapertura y solo fue un enga\u00f1o.&nbsp;<\/p>\n\n\n\n<p>Los custodios que est\u00e1n vigilando dicho recinto, les informaron a los turistas que se acercaron, que hasta este momento no hay fecha para la reapertura y las instrucciones provienen directamente del Instituto Nacional de Antropolog\u00eda e Historia (INAH), a trav\u00e9s de su director, Diego Prieto Hern\u00e1ndez.&nbsp;<\/p>\n","protected":false},"excerpt":{"rendered":"<p>Alejandro \u00c1vila Papantla, Ver.- Decenas de prestadores de servicio tur\u00edstico y visitantes arremetieron este lunes 15 de noviembre contra la secretaria de Turismo, X\u00f3chitl Arbes\u00fa Lago, pues incumpli\u00f3 su promesa y no abri\u00f3 el parque tem\u00e1tico Takilhsukut como prometi\u00f3 hace un mes. Cabe recordar que durante la inauguraci\u00f3n del Festival &#8220;Peregrinar de las Almas&#8221; &#8211; [&hellip;]<\/p>\n","protected":false},"author":1,"featured_media":20408,"comment_status":"open","ping_status":"open","sticky":false,"template":"","format":"standard","meta":{"_jetpack_memberships_contains_paid_content":false,"footnotes":""},"categories":[2],"tags":[],"class_list":["post-20407","post","type-post","status-publish","format-standard","has-post-thumbnail","hentry","category-estado"],"jetpack_featured_media_url":"https:\/\/encuentroinformativo.com.mx\/wp-content\/uploads\/2021\/11\/4209010A-3A7E-4C96-940D-4A12C153905B.jpeg","jetpack_sharing_enabled":true,"jetpack_likes_enabled":true,"amp_enabled":true,"_links":{"self":[{"href":"https:\/\/encuentroinformativo.com.mx\/index.php?rest_route=\/wp\/v2\/posts\/20407","targetHints":{"allow":["GET"]}}],"collection":[{"href":"https:\/\/encuentroinformativo.com.mx\/index.php?rest_route=\/wp\/v2\/posts"}],"about":[{"href":"https:\/\/encuentroinformativo.com.mx\/index.php?rest_route=\/wp\/v2\/types\/post"}],"author":[{"embeddable":true,"href":"https:\/\/encuentroinformativo.com.mx\/index.php?rest_route=\/wp\/v2\/users\/1"}],"replies":[{"embeddable":true,"href":"https:\/\/encuentroinformativo.com.mx\/index.php?rest_route=%2Fwp%2Fv2%2Fcomments&post=20407"}],"version-history":[{"count":1,"href":"https:\/\/encuentroinformativo.com.mx\/index.php?rest_route=\/wp\/v2\/posts\/20407\/revisions"}],"predecessor-version":[{"id":20409,"href":"https:\/\/encuentroinformativo.com.mx\/index.php?rest_route=\/wp\/v2\/posts\/20407\/revisions\/20409"}],"wp:featuredmedia":[{"embeddable":true,"href":"https:\/\/encuentroinformativo.com.mx\/index.php?rest_route=\/wp\/v2\/media\/20408"}],"wp:attachment":[{"href":"https:\/\/encuentroinformativo.com.mx\/index.php?rest_route=%2Fwp%2Fv2%2Fmedia&parent=20407"}],"wp:term":[{"taxonomy":"category","embeddable":true,"href":"https:\/\/encuentroinformativo.com.mx\/index.php?rest_route=%2Fwp%2Fv2%2Fcategories&post=20407"},{"taxonomy":"post_tag","embeddable":true,"href":"https:\/\/encuentroinformativo.com.mx\/index.php?rest_route=%2Fwp%2Fv2%2Ftags&post=20407"}],"curies":[{"name":"wp","href":"https:\/\/api.w.org\/{rel}","templated":true}]}}