{"id":20416,"date":"2021-11-16T09:30:36","date_gmt":"2021-11-16T15:30:36","guid":{"rendered":"https:\/\/encuentroinformativo.com.mx\/?p=20416"},"modified":"2021-11-16T09:30:39","modified_gmt":"2021-11-16T15:30:39","slug":"morena-espejos-de-crisis","status":"publish","type":"post","link":"https:\/\/encuentroinformativo.com.mx\/?p=20416","title":{"rendered":"Morena: Espejos de crisis"},"content":{"rendered":"\n<p><strong>Los Pol\u00edticos<\/strong><\/p>\n\n\n\n<p><strong>Salvador Mu\u00f1oz<\/strong><\/p>\n\n\n\n<p>De un modo u otro, hay crisis en los partidos de Veracruz.<\/p>\n\n\n\n<p>En el Sol Azteca, Manuel Bernal ya habla de un PRD \u201cencadenado\u201d al Gobierno estatal. Es m\u00e1s, acusa al dirigente Sergio Cadena de obstaculizar las manifestaciones a favor de Rogelio Franco Cast\u00e1n (que de cierto modo, son manifestaciones en contra del Gobierno del Estado) y la gota que derrama el vaso es el salto de las diputadas del Sol Azteca a Morena donde hubo mucho silencio del presidente del partido en este asunto.<\/p>\n\n\n\n<p>Agregue que lo que pudo ser un gesto de cortes\u00eda pol\u00edtica cuando se saludaron Bola 8 (Eric Cisneros Burgos) y Sergio Cadena Mart\u00ednez, tras las declaraciones de Manuel Bernal y un grupo de perredistas, el apret\u00f3n de manos se trastoca en una especie de Sol Moreno.<\/p>\n\n\n\n<p>Como sea&#8230; la salida al escenario pol\u00edtico de Manuel Bernal y Yazm\u00edn Copete Zapot pareciera un barrunto de tormenta que va tapando al Sol Azteca (Cadena) que ahora s\u00ed, ni se asoma por casualidad.<\/p>\n\n\n\n<p>En el PAN, los candidatos a ocupar la dirigencia del partido est\u00e1n haciendo su chamba y si bien, hay de cierto modo un respeto t\u00e1cito de uno para con el otro, a veces sus equipos se sueltan uno que otro madrazo que lejos de denostar a la figura del contrincante, se mina a la figura del partido ante los ojos del ciudadano que puede dejar de verlo como una opci\u00f3n de cambio.<\/p>\n\n\n\n<p>Es claro que el Chapito y Tito tienen una enorme tarea que es la de convencer a la militancia azul que cada uno de ellos es la mejor opci\u00f3n\u2026 afuera del partido, a nadie.<\/p>\n\n\n\n<p>Momento\u2026 la crisis del PAN no inicia con la disputa por la dirigencia\u2026 la viene arrastrando posterior al 2018 tras perder la gubernatura\u2026 De la anterior Legislatura que ten\u00edan 12 \u00f3 13 diputados, hoy llegan a nueve. S\u00ed, segunda fuerza en el Congreso, pero menguada.<\/p>\n\n\n\n<p>Ya ni se diga en cuesti\u00f3n de Ayuntamientos\u2026 en estas elecciones, el PAN en s\u00ed tiene una veintena de municipios\u2026 hace cuatro a\u00f1os, 67.<\/p>\n\n\n\n<p>Lo l\u00f3gico es que se juzgue el trabajo de los alcaldes salientes\u2026 pero en t\u00e9rminos generales la paternidad de las derrotas azules este 2021 se la adjudican al dirigente del partido, en este caso, al Chapito\u2026 y la tesis que plantean en las disputas es que nadie apoya a un perdedor.<\/p>\n\n\n\n<p>Ahora s\u00ed, parafraseando ese eslogan de Alien contra Depredador, uno lo que menos espera de los panistas es que \u201cgane quien gane, el ciudadano pierda una opci\u00f3n\u201d por llevar sus diferencias m\u00e1s all\u00e1 de la elecci\u00f3n de dirigente\u2026 recuerden que ya nos han demostrado que saber perder, no es lo suyo.<\/p>\n\n\n\n<p>El PRI de Veracruz, a diferencia quiz\u00e1s de los anteriores partidos, desde el 2016 est\u00e1 viviendo su primera crisis. S\u00ed, tanto PAN como PRD saben ya lo que es la lona, el asunto es que muchas veces, cuando est\u00e1n arriba, se les olvida de lo que es haber estado abajo.<\/p>\n\n\n\n<p>Es posible que en estos cinco a\u00f1os, el PRI haya tocado fondo y el ciudadano no lo haya notado&#8230; pero el militante s\u00ed. A ciencia cierta no s\u00e9 si haya tocado fondo, pero si es as\u00ed, s\u00f3lo tiene un camino el Revolucionario: para arriba. Es el ciclo normal de nuestra pol\u00edtica. Naces, creces, caes, sobrevives o mueres; si sobrevives, vuelves a nacer&#8230; el asunto es que los ciclos var\u00edan\u2026<\/p>\n\n\n\n<p>Por ah\u00ed alguna ocasi\u00f3n se habl\u00f3 de cambiarle el nombre al partido\u2026 incluso, Marlon Ram\u00edrez Mar\u00edn pidi\u00f3 analizar si las siglas del PRI cambiaran de Revolucionario Institucional a Reconstrucci\u00f3n Institucional, \u201cporque hoy la transformaci\u00f3n que requiere este pa\u00eds implica que reconstruyamos lo que est\u00e1n destruyendo\u201d.<\/p>\n\n\n\n<p>Es cierto, el PRD vive una crisis en este momento; el PAN igual sufre la suya; y el PRI entiende los motivos de su crisis, los asume y entiende que hay que afrontarlos&#8230;&nbsp;<\/p>\n\n\n\n<p>Morena est\u00e1 en los cuernos de la luna pero quiz\u00e1s por prudencia pol\u00edtica deber\u00eda verse en estos \u201cespejos de crisis\u201d donde en uno, ni siquiera ha detentado el poder en el Palacio de Enr\u00edquez; otro, lo sabore\u00f3 dos a\u00f1os; y el tercero, durante m\u00e1s de 80 a\u00f1os lo tuvo\u2026 debe echarle mucha cabeza para entender en cual se quiere ver&#8230;<\/p>\n\n\n\n<p><a href=\"mailto:smcainito@gmail.com\" target=\"_blank\" rel=\"noreferrer noopener\">smcainito@gmail.com<\/a><\/p>\n","protected":false},"excerpt":{"rendered":"<p>Los Pol\u00edticos Salvador Mu\u00f1oz De un modo u otro, hay crisis en los partidos de Veracruz. En el Sol Azteca, Manuel Bernal ya habla de un PRD \u201cencadenado\u201d al Gobierno estatal. Es m\u00e1s, acusa al dirigente Sergio Cadena de obstaculizar las manifestaciones a favor de Rogelio Franco Cast\u00e1n (que de cierto modo, son manifestaciones en [&hellip;]<\/p>\n","protected":false},"author":1,"featured_media":387,"comment_status":"open","ping_status":"open","sticky":false,"template":"","format":"standard","meta":{"_jetpack_memberships_contains_paid_content":false,"footnotes":""},"categories":[11],"tags":[],"class_list":["post-20416","post","type-post","status-publish","format-standard","has-post-thumbnail","hentry","category-opinion"],"jetpack_featured_media_url":"https:\/\/encuentroinformativo.com.mx\/wp-content\/uploads\/2020\/03\/7CF8A22B-2764-47BE-8F7F-38FE9E5D6A2F.jpeg","jetpack_sharing_enabled":true,"jetpack_likes_enabled":true,"amp_enabled":true,"_links":{"self":[{"href":"https:\/\/encuentroinformativo.com.mx\/index.php?rest_route=\/wp\/v2\/posts\/20416","targetHints":{"allow":["GET"]}}],"collection":[{"href":"https:\/\/encuentroinformativo.com.mx\/index.php?rest_route=\/wp\/v2\/posts"}],"about":[{"href":"https:\/\/encuentroinformativo.com.mx\/index.php?rest_route=\/wp\/v2\/types\/post"}],"author":[{"embeddable":true,"href":"https:\/\/encuentroinformativo.com.mx\/index.php?rest_route=\/wp\/v2\/users\/1"}],"replies":[{"embeddable":true,"href":"https:\/\/encuentroinformativo.com.mx\/index.php?rest_route=%2Fwp%2Fv2%2Fcomments&post=20416"}],"version-history":[{"count":1,"href":"https:\/\/encuentroinformativo.com.mx\/index.php?rest_route=\/wp\/v2\/posts\/20416\/revisions"}],"predecessor-version":[{"id":20417,"href":"https:\/\/encuentroinformativo.com.mx\/index.php?rest_route=\/wp\/v2\/posts\/20416\/revisions\/20417"}],"wp:featuredmedia":[{"embeddable":true,"href":"https:\/\/encuentroinformativo.com.mx\/index.php?rest_route=\/wp\/v2\/media\/387"}],"wp:attachment":[{"href":"https:\/\/encuentroinformativo.com.mx\/index.php?rest_route=%2Fwp%2Fv2%2Fmedia&parent=20416"}],"wp:term":[{"taxonomy":"category","embeddable":true,"href":"https:\/\/encuentroinformativo.com.mx\/index.php?rest_route=%2Fwp%2Fv2%2Fcategories&post=20416"},{"taxonomy":"post_tag","embeddable":true,"href":"https:\/\/encuentroinformativo.com.mx\/index.php?rest_route=%2Fwp%2Fv2%2Ftags&post=20416"}],"curies":[{"name":"wp","href":"https:\/\/api.w.org\/{rel}","templated":true}]}}