{"id":20430,"date":"2021-11-16T13:54:50","date_gmt":"2021-11-16T19:54:50","guid":{"rendered":"https:\/\/encuentroinformativo.com.mx\/?p=20430"},"modified":"2021-11-16T13:54:54","modified_gmt":"2021-11-16T19:54:54","slug":"reanudan-actividades-presenciales-en-tecnologicos","status":"publish","type":"post","link":"https:\/\/encuentroinformativo.com.mx\/?p=20430","title":{"rendered":"Reanudan actividades presenciales en Tecnol\u00f3gicos"},"content":{"rendered":"\n<p><strong>Juan Arcos<\/strong><\/p>\n\n\n\n<p>Xalapa, Ver.- La plantilla total de trabajadores administrativos reanud\u00f3 sus actividades presenciales este martes 16 de noviembre en los 21 institutos tecnol\u00f3gicos del estado de Veracruz.<\/p>\n\n\n\n<p>As\u00ed lo dio a conocer el secretario general de Trabajadores de Educaci\u00f3n Tecnol\u00f3gica (FESTEV), Mois\u00e9s L\u00f3pez Serrano, quien a\u00f1adi\u00f3 que se estuvo laborando de manera h\u00edbrida por la pandemia del COVID-19.<\/p>\n\n\n\n<p>\u201cEl personal administrativo que estaba en algunas \u00e1reas de guardia, ya se integran al cien por ciento y ya no habr\u00eda ese esquema de guardias. Ya se regresa en su totalidad\u201d.<\/p>\n\n\n\n<p>Se prev\u00e9 que a partir de febrero pr\u00f3ximo haya actividades de manera interrumpida, debido a que se ha avanzado en la vacunaci\u00f3n contra coronavirus de j\u00f3venes y maestros.<\/p>\n\n\n\n<p>\u201cEsperemos que no haya alg\u00fan repunte a partir de este regreso porque vienen las temporadas de fr\u00edo y esperemos que eso no sea factor de una nueva ola de contagios\u201d.<\/p>\n\n\n\n<p>Cabe mencionar que el retorno a las aulas se dio de manera normal sin contratiempos en el Instituto Tecnol\u00f3gico Superior de Xalapa (ITSX).<\/p>\n","protected":false},"excerpt":{"rendered":"<p>Juan Arcos Xalapa, Ver.- La plantilla total de trabajadores administrativos reanud\u00f3 sus actividades presenciales este martes 16 de noviembre en los 21 institutos tecnol\u00f3gicos del estado de Veracruz. As\u00ed lo dio a conocer el secretario general de Trabajadores de Educaci\u00f3n Tecnol\u00f3gica (FESTEV), Mois\u00e9s L\u00f3pez Serrano, quien a\u00f1adi\u00f3 que se estuvo laborando de manera h\u00edbrida por [&hellip;]<\/p>\n","protected":false},"author":1,"featured_media":20431,"comment_status":"open","ping_status":"open","sticky":false,"template":"","format":"standard","meta":{"_jetpack_memberships_contains_paid_content":false,"footnotes":""},"categories":[2],"tags":[],"class_list":["post-20430","post","type-post","status-publish","format-standard","has-post-thumbnail","hentry","category-estado"],"jetpack_featured_media_url":"https:\/\/encuentroinformativo.com.mx\/wp-content\/uploads\/2021\/11\/4BED76CE-3938-4C18-BABD-51CFE4E44239.jpeg","jetpack_sharing_enabled":true,"jetpack_likes_enabled":true,"amp_enabled":true,"_links":{"self":[{"href":"https:\/\/encuentroinformativo.com.mx\/index.php?rest_route=\/wp\/v2\/posts\/20430","targetHints":{"allow":["GET"]}}],"collection":[{"href":"https:\/\/encuentroinformativo.com.mx\/index.php?rest_route=\/wp\/v2\/posts"}],"about":[{"href":"https:\/\/encuentroinformativo.com.mx\/index.php?rest_route=\/wp\/v2\/types\/post"}],"author":[{"embeddable":true,"href":"https:\/\/encuentroinformativo.com.mx\/index.php?rest_route=\/wp\/v2\/users\/1"}],"replies":[{"embeddable":true,"href":"https:\/\/encuentroinformativo.com.mx\/index.php?rest_route=%2Fwp%2Fv2%2Fcomments&post=20430"}],"version-history":[{"count":1,"href":"https:\/\/encuentroinformativo.com.mx\/index.php?rest_route=\/wp\/v2\/posts\/20430\/revisions"}],"predecessor-version":[{"id":20432,"href":"https:\/\/encuentroinformativo.com.mx\/index.php?rest_route=\/wp\/v2\/posts\/20430\/revisions\/20432"}],"wp:featuredmedia":[{"embeddable":true,"href":"https:\/\/encuentroinformativo.com.mx\/index.php?rest_route=\/wp\/v2\/media\/20431"}],"wp:attachment":[{"href":"https:\/\/encuentroinformativo.com.mx\/index.php?rest_route=%2Fwp%2Fv2%2Fmedia&parent=20430"}],"wp:term":[{"taxonomy":"category","embeddable":true,"href":"https:\/\/encuentroinformativo.com.mx\/index.php?rest_route=%2Fwp%2Fv2%2Fcategories&post=20430"},{"taxonomy":"post_tag","embeddable":true,"href":"https:\/\/encuentroinformativo.com.mx\/index.php?rest_route=%2Fwp%2Fv2%2Ftags&post=20430"}],"curies":[{"name":"wp","href":"https:\/\/api.w.org\/{rel}","templated":true}]}}