{"id":20439,"date":"2021-11-16T16:04:14","date_gmt":"2021-11-16T22:04:14","guid":{"rendered":"https:\/\/encuentroinformativo.com.mx\/?p=20439"},"modified":"2021-11-16T16:04:16","modified_gmt":"2021-11-16T22:04:16","slug":"expositores-celebran-exito-de-feria-del-libro","status":"publish","type":"post","link":"https:\/\/encuentroinformativo.com.mx\/?p=20439","title":{"rendered":"Expositores celebran \u00e9xito de Feria del Libro"},"content":{"rendered":"\n<p><strong>Juan Arcos<\/strong><\/p>\n\n\n\n<p>Xalapa, Ver.- Libreros de Xalapa consideraron que la Feria del Libro de Xalapa fue un \u00e9xito, en comparaci\u00f3n con la que se llev\u00f3 a cabo en abril pasado.<\/p>\n\n\n\n<p>De acuerdo con Gustavo Ram\u00edrez, uno de libreros y organizadores, se registr\u00f3 una derrama econ\u00f3mica importante para los empresarios y comerciantes del ramo.<\/p>\n\n\n\n<p>\u201cPodemos decir que es una feria exitosa y esperemos contar con unas ferias m\u00e1s en lo que resta del a\u00f1o&#8221;, expres\u00f3 el entrevistado.<\/p>\n\n\n\n<p>El evento estaba programado del 5 al 15 de noviembre; sin embargo, ante la buena respuesta de la gente, la feria permaneci\u00f3 un d\u00eda m\u00e1s en la explanada del parque Benito Ju\u00e1rez.<\/p>\n\n\n\n<p>Gustavo Ram\u00edrez se\u00f1al\u00f3 que los libros m\u00e1s vendidos fueron de novelas de escritores de todo el mundo, as\u00ed como tambi\u00e9n, de temas relacionados con la Filosof\u00eda e Historia.<\/p>\n\n\n\n<p>Mencion\u00f3 que en esta edici\u00f3n de la feria fue poca la presencia de estudiantes, debido a que no todos han regresado a clases presenciales por la pandemia del SARS-COV-2 (COVID-19).<\/p>\n\n\n\n<p>Los libros y colecciones ofertadas tuvieron un precio que va de los 20 a los mil pesos.<\/p>\n\n\n\n<p>Adem\u00e1s, se cont\u00f3 con la participaci\u00f3n de 24 libreros establecidos, independientes y virtuales de Xalapa.<\/p>\n\n\n\n<p>Cabe recordar que los libreros se vieron severamente cerrados, al igual que la mayor\u00eda de los sectores de la poblaci\u00f3n, por la pandemia del coronavirus, pues algunos de sus establecimientos tuvieron que cerrar sus puertas de manera definitiva.<\/p>\n","protected":false},"excerpt":{"rendered":"<p>Juan Arcos Xalapa, Ver.- Libreros de Xalapa consideraron que la Feria del Libro de Xalapa fue un \u00e9xito, en comparaci\u00f3n con la que se llev\u00f3 a cabo en abril pasado. De acuerdo con Gustavo Ram\u00edrez, uno de libreros y organizadores, se registr\u00f3 una derrama econ\u00f3mica importante para los empresarios y comerciantes del ramo. \u201cPodemos decir [&hellip;]<\/p>\n","protected":false},"author":1,"featured_media":20440,"comment_status":"open","ping_status":"open","sticky":false,"template":"","format":"standard","meta":{"_jetpack_memberships_contains_paid_content":false,"footnotes":""},"categories":[3],"tags":[],"class_list":["post-20439","post","type-post","status-publish","format-standard","has-post-thumbnail","hentry","category-xalapa"],"jetpack_featured_media_url":"https:\/\/encuentroinformativo.com.mx\/wp-content\/uploads\/2021\/11\/1B6847B7-C94A-4098-BE0E-ABEC6D0FE272.jpeg","jetpack_sharing_enabled":true,"jetpack_likes_enabled":true,"amp_enabled":true,"_links":{"self":[{"href":"https:\/\/encuentroinformativo.com.mx\/index.php?rest_route=\/wp\/v2\/posts\/20439","targetHints":{"allow":["GET"]}}],"collection":[{"href":"https:\/\/encuentroinformativo.com.mx\/index.php?rest_route=\/wp\/v2\/posts"}],"about":[{"href":"https:\/\/encuentroinformativo.com.mx\/index.php?rest_route=\/wp\/v2\/types\/post"}],"author":[{"embeddable":true,"href":"https:\/\/encuentroinformativo.com.mx\/index.php?rest_route=\/wp\/v2\/users\/1"}],"replies":[{"embeddable":true,"href":"https:\/\/encuentroinformativo.com.mx\/index.php?rest_route=%2Fwp%2Fv2%2Fcomments&post=20439"}],"version-history":[{"count":1,"href":"https:\/\/encuentroinformativo.com.mx\/index.php?rest_route=\/wp\/v2\/posts\/20439\/revisions"}],"predecessor-version":[{"id":20441,"href":"https:\/\/encuentroinformativo.com.mx\/index.php?rest_route=\/wp\/v2\/posts\/20439\/revisions\/20441"}],"wp:featuredmedia":[{"embeddable":true,"href":"https:\/\/encuentroinformativo.com.mx\/index.php?rest_route=\/wp\/v2\/media\/20440"}],"wp:attachment":[{"href":"https:\/\/encuentroinformativo.com.mx\/index.php?rest_route=%2Fwp%2Fv2%2Fmedia&parent=20439"}],"wp:term":[{"taxonomy":"category","embeddable":true,"href":"https:\/\/encuentroinformativo.com.mx\/index.php?rest_route=%2Fwp%2Fv2%2Fcategories&post=20439"},{"taxonomy":"post_tag","embeddable":true,"href":"https:\/\/encuentroinformativo.com.mx\/index.php?rest_route=%2Fwp%2Fv2%2Ftags&post=20439"}],"curies":[{"name":"wp","href":"https:\/\/api.w.org\/{rel}","templated":true}]}}