{"id":20449,"date":"2021-11-17T10:04:53","date_gmt":"2021-11-17T16:04:53","guid":{"rendered":"https:\/\/encuentroinformativo.com.mx\/?p=20449"},"modified":"2021-11-17T10:04:56","modified_gmt":"2021-11-17T16:04:56","slug":"complicada-propuesta-para-modificar-cobro-del-predial-diputado","status":"publish","type":"post","link":"https:\/\/encuentroinformativo.com.mx\/?p=20449","title":{"rendered":"Complicada propuesta para modificar cobro del predial: Diputado"},"content":{"rendered":"\n<p><strong>Alejandro \u00c1vila<\/strong><\/p>\n\n\n\n<p>Veracruz, Ver. \u2013 La iniciativa de Ley que propuso el gobernador Cuitl\u00e1huac Garc\u00eda Jim\u00e9nez al Congreso Local para que se reforme la Ley de Coordinaci\u00f3n Fiscal, agregando un p\u00e1rrafo al art\u00edculo 12 y de esta manera los municipios que quieran acceder al Fondo al Fomento Municipal, deban dejar que Gobierno del Estado recaude su impuesto predial, puede sonar muy bonito, pero puede ser complicado, acus\u00f3 el diputado local Bingen Rementeria Molina.<\/p>\n\n\n\n<p>El Legislador jarocho, explic\u00f3 que el 1 por ciento de lo recaudado por la federaci\u00f3n, IVA, ISR, entre otros, es enviado al Fondo para el Fomento Municipal, y este se distribuye en todas las entidades federativas; para lograr estos recursos, la Ley de Coordinaci\u00f3n Fiscal exige a los Gobiernos de los Estados firmar convenios de colaboraci\u00f3n con sus respectivos municipios.<\/p>\n\n\n\n<p>\u201cPero al celebrar estos convenios, se ven obligados a que es el Gobierno del Estado quien va a recaudar el pago de sus impuestos prediales\u201d, expres\u00f3.<\/p>\n\n\n\n<p>Esto, agreg\u00f3 Rementeria Molina, suena muy bonito, pero es tambi\u00e9n algo complicado, pues se desconoce con certeza, en que tiempo la Secretar\u00eda de Finanzas va a dispersar ese dinero; en cuanto tiempo se le va pagar al municipio lo recaudado, lo que por ley le toca, que es el impuesto predial.<\/p>\n\n\n\n<p>\u201cEso no lo conocemos, pero el hist\u00f3rico nos dice, y las acciones que hemos visto de este gobierno, es que la dispersi\u00f3n de los recursos pues no son en tiempo y forma, no son especialistas m\u00e1s bien en que sea en tiempo y forma. Entonces los alcaldes van a tener que decidir, ya sea por quedarse con lo que hoy cobran del impuesto predial y seguir cobrando ellos de manera inmediata, para poderlo aplicar de manera inmediata, o jugarse un volado\u201d, mencion\u00f3.<\/p>\n\n\n\n<p>El panista reconoci\u00f3 que, tras firmar el convenio, los municipios podr\u00edan acceder a m\u00e1s recursos para realizar obra p\u00fablica, pero deber\u00e1n especular el tiempo en que les van a pagar.<\/p>\n\n\n\n<p>\u201cS\u00ed a m\u00ed me preguntas que decisi\u00f3n tomar\u00eda yo, yo creo que al final me quedar\u00eda con que el propio municipio sea quien recaude sus dinero, porque ni sabemos en este momento de cuanto es el excedente de este Fondo, y luego no sabemos, digamos que si de manera oportuna, de manera propia, el gobierno del Estado va a hacer la dispersi\u00f3n de los recursos, que de la otra forma yo los ver\u00eda de manera inmediata y se pueden aplicar en cualquier emergencia o cualquier situaci\u00f3n que tenga municipio, o necesidad de manera inmediata\u201d, asest\u00f3.<\/p>\n\n\n\n<p>Bingen Rementeria aclar\u00f3 que, en caso de aprobarse la iniciativa, no existir\u00e1 una obligaci\u00f3n de los 212 municipios de ingresar al convenio.<\/p>\n\n\n\n<p>\u201cOjo, no lo est\u00e1n inventando ellos, viene en la Ley de Coordinaci\u00f3n Fiscal Nacional, ah\u00ed existe, donde obligan a todos los gobiernos de los estados, a que para que ellos puedan dispersar este recurso a los municipios, los municipios celebren un convenio de colaboraci\u00f3n con su respectivo Gobierno del Estado\u201d, culmin\u00f3.<\/p>\n","protected":false},"excerpt":{"rendered":"<p>Alejandro \u00c1vila Veracruz, Ver. \u2013 La iniciativa de Ley que propuso el gobernador Cuitl\u00e1huac Garc\u00eda Jim\u00e9nez al Congreso Local para que se reforme la Ley de Coordinaci\u00f3n Fiscal, agregando un p\u00e1rrafo al art\u00edculo 12 y de esta manera los municipios que quieran acceder al Fondo al Fomento Municipal, deban dejar que Gobierno del Estado recaude [&hellip;]<\/p>\n","protected":false},"author":1,"featured_media":20450,"comment_status":"open","ping_status":"open","sticky":false,"template":"","format":"standard","meta":{"_jetpack_memberships_contains_paid_content":false,"footnotes":""},"categories":[2],"tags":[],"class_list":["post-20449","post","type-post","status-publish","format-standard","has-post-thumbnail","hentry","category-estado"],"jetpack_featured_media_url":"https:\/\/encuentroinformativo.com.mx\/wp-content\/uploads\/2021\/11\/59BA799D-46A5-4542-AA56-C9CA457BD22C.jpeg","jetpack_sharing_enabled":true,"jetpack_likes_enabled":true,"amp_enabled":true,"_links":{"self":[{"href":"https:\/\/encuentroinformativo.com.mx\/index.php?rest_route=\/wp\/v2\/posts\/20449","targetHints":{"allow":["GET"]}}],"collection":[{"href":"https:\/\/encuentroinformativo.com.mx\/index.php?rest_route=\/wp\/v2\/posts"}],"about":[{"href":"https:\/\/encuentroinformativo.com.mx\/index.php?rest_route=\/wp\/v2\/types\/post"}],"author":[{"embeddable":true,"href":"https:\/\/encuentroinformativo.com.mx\/index.php?rest_route=\/wp\/v2\/users\/1"}],"replies":[{"embeddable":true,"href":"https:\/\/encuentroinformativo.com.mx\/index.php?rest_route=%2Fwp%2Fv2%2Fcomments&post=20449"}],"version-history":[{"count":1,"href":"https:\/\/encuentroinformativo.com.mx\/index.php?rest_route=\/wp\/v2\/posts\/20449\/revisions"}],"predecessor-version":[{"id":20451,"href":"https:\/\/encuentroinformativo.com.mx\/index.php?rest_route=\/wp\/v2\/posts\/20449\/revisions\/20451"}],"wp:featuredmedia":[{"embeddable":true,"href":"https:\/\/encuentroinformativo.com.mx\/index.php?rest_route=\/wp\/v2\/media\/20450"}],"wp:attachment":[{"href":"https:\/\/encuentroinformativo.com.mx\/index.php?rest_route=%2Fwp%2Fv2%2Fmedia&parent=20449"}],"wp:term":[{"taxonomy":"category","embeddable":true,"href":"https:\/\/encuentroinformativo.com.mx\/index.php?rest_route=%2Fwp%2Fv2%2Fcategories&post=20449"},{"taxonomy":"post_tag","embeddable":true,"href":"https:\/\/encuentroinformativo.com.mx\/index.php?rest_route=%2Fwp%2Fv2%2Ftags&post=20449"}],"curies":[{"name":"wp","href":"https:\/\/api.w.org\/{rel}","templated":true}]}}