{"id":20477,"date":"2021-11-18T10:15:47","date_gmt":"2021-11-18T16:15:47","guid":{"rendered":"https:\/\/encuentroinformativo.com.mx\/?p=20477"},"modified":"2021-11-18T10:15:50","modified_gmt":"2021-11-18T16:15:50","slug":"se-debe-cuidar-riqueza-ambiental-de-veracruz-diputado","status":"publish","type":"post","link":"https:\/\/encuentroinformativo.com.mx\/?p=20477","title":{"rendered":"Se debe cuidar riqueza ambiental de Veracruz: Diputado"},"content":{"rendered":"\n<p><strong>Juan Arcos<\/strong><\/p>\n\n\n\n<p>Xalapa, Ver.- El diputado local Paul Mart\u00ednez Marie asumi\u00f3 la presidencia de la Comisi\u00f3n de Medio Ambiente, Recursos Naturales y Cambio Clim\u00e1tico de la LXVI Legislatura del Estado de Veracruz.<\/p>\n\n\n\n<p>El Legislador se\u00f1al\u00f3 que desde el Congreso local ser\u00e1n vigilantes y har\u00e1 lo que les corresponde, en materia legislativa, para garantizar a las y los veracruzanos el cuidado y protecci\u00f3n de los recursos naturales que son la riqueza del pueblo.<\/p>\n\n\n\n<p>Mart\u00ednez Marie indic\u00f3 que, de acuerdo con la conclusi\u00f3n del Informe The climate connection, del British Council, los problemas que se enfrentan con relaci\u00f3n al cambio clim\u00e1tico son solo los primeros de muchos m\u00e1s por venir, por lo que es necesario abordarlos de inmediato a trav\u00e9s del arte, la cultura, educaci\u00f3n y la innovaci\u00f3n de ideas para hacer un cambio real.<\/p>\n\n\n\n<p>\u201cVeracruz es uno de los estados de la Rep\u00fablica Mexicana con la mayor riqueza en recursos naturales y biodiversidad, lo que nos obliga a preservarlos de forma estricta y con responsabilidad\u201d, asegur\u00f3.<\/p>\n\n\n\n<p>En la instalaci\u00f3n tambi\u00e9n participaron las diputadas Nora J\u00e9ssica Lagunes J\u00e1uregui y Gisela L\u00f3pez L\u00f3pez, secretaria y vocal, respectivamente.<\/p>\n\n\n\n<p>En este acto protocolario, los acompa\u00f1aron la presidenta de la Mesa Directiva, diputada Cecilia Guevara Guembe, el presidente de la Junta de Coordinaci\u00f3n Pol\u00edtica (Jucopo), diputado Juan Javier G\u00f3mez Cazar\u00edn, as\u00ed como las legisladoras Citlali Medell\u00edn Careaga, Perla Eufemia Romero Rodr\u00edguez, Lidia Irma Mezhua Campos, Ana Miriam Ferr\u00e1ez Centeno, Adriana Esther Mart\u00ednez S\u00e1nchez y Margarita Corro Mendoza.<\/p>\n\n\n\n<p>As\u00ed como los legisladores Gonzalo Dur\u00e1n Chincoya y Rafael Gustavo Fararoni Maga\u00f1a; del mismo modo, tambi\u00e9n asistieron la Coordinadora de Desarrollo Institucional de la Asociaci\u00f3n Civil \u201cSomos m\u00e1s Decididos\u201d, Irigoyen Canto Rivera y la Directora Acad\u00e9mica del Instituto Tecnol\u00f3gico Superior de Perote, maestra Fabiola Sandoval Salas.<\/p>\n","protected":false},"excerpt":{"rendered":"<p>Juan Arcos Xalapa, Ver.- El diputado local Paul Mart\u00ednez Marie asumi\u00f3 la presidencia de la Comisi\u00f3n de Medio Ambiente, Recursos Naturales y Cambio Clim\u00e1tico de la LXVI Legislatura del Estado de Veracruz. El Legislador se\u00f1al\u00f3 que desde el Congreso local ser\u00e1n vigilantes y har\u00e1 lo que les corresponde, en materia legislativa, para garantizar a las [&hellip;]<\/p>\n","protected":false},"author":1,"featured_media":20478,"comment_status":"open","ping_status":"open","sticky":false,"template":"","format":"standard","meta":{"_jetpack_memberships_contains_paid_content":false,"footnotes":""},"categories":[2],"tags":[],"class_list":["post-20477","post","type-post","status-publish","format-standard","has-post-thumbnail","hentry","category-estado"],"jetpack_featured_media_url":"https:\/\/encuentroinformativo.com.mx\/wp-content\/uploads\/2021\/11\/5BE74AF3-821F-48F1-857B-A15E36194773.jpeg","jetpack_sharing_enabled":true,"jetpack_likes_enabled":true,"amp_enabled":true,"_links":{"self":[{"href":"https:\/\/encuentroinformativo.com.mx\/index.php?rest_route=\/wp\/v2\/posts\/20477","targetHints":{"allow":["GET"]}}],"collection":[{"href":"https:\/\/encuentroinformativo.com.mx\/index.php?rest_route=\/wp\/v2\/posts"}],"about":[{"href":"https:\/\/encuentroinformativo.com.mx\/index.php?rest_route=\/wp\/v2\/types\/post"}],"author":[{"embeddable":true,"href":"https:\/\/encuentroinformativo.com.mx\/index.php?rest_route=\/wp\/v2\/users\/1"}],"replies":[{"embeddable":true,"href":"https:\/\/encuentroinformativo.com.mx\/index.php?rest_route=%2Fwp%2Fv2%2Fcomments&post=20477"}],"version-history":[{"count":1,"href":"https:\/\/encuentroinformativo.com.mx\/index.php?rest_route=\/wp\/v2\/posts\/20477\/revisions"}],"predecessor-version":[{"id":20479,"href":"https:\/\/encuentroinformativo.com.mx\/index.php?rest_route=\/wp\/v2\/posts\/20477\/revisions\/20479"}],"wp:featuredmedia":[{"embeddable":true,"href":"https:\/\/encuentroinformativo.com.mx\/index.php?rest_route=\/wp\/v2\/media\/20478"}],"wp:attachment":[{"href":"https:\/\/encuentroinformativo.com.mx\/index.php?rest_route=%2Fwp%2Fv2%2Fmedia&parent=20477"}],"wp:term":[{"taxonomy":"category","embeddable":true,"href":"https:\/\/encuentroinformativo.com.mx\/index.php?rest_route=%2Fwp%2Fv2%2Fcategories&post=20477"},{"taxonomy":"post_tag","embeddable":true,"href":"https:\/\/encuentroinformativo.com.mx\/index.php?rest_route=%2Fwp%2Fv2%2Ftags&post=20477"}],"curies":[{"name":"wp","href":"https:\/\/api.w.org\/{rel}","templated":true}]}}