{"id":20485,"date":"2021-11-18T12:37:03","date_gmt":"2021-11-18T18:37:03","guid":{"rendered":"https:\/\/encuentroinformativo.com.mx\/?p=20485"},"modified":"2021-11-18T12:37:07","modified_gmt":"2021-11-18T18:37:07","slug":"acusan-supuestos-abusos-de-autoridades-en-benito-juarez","status":"publish","type":"post","link":"https:\/\/encuentroinformativo.com.mx\/?p=20485","title":{"rendered":"Acusan supuestos abusos de autoridades en Benito Ju\u00e1rez"},"content":{"rendered":"\n<p><strong>Dar\u00edo Pale<\/strong><\/p>\n\n\n\n<p>Xalapa, Ver.- Denuncian 14 a\u00f1os de hostigamiento en contra de sus compa\u00f1eros que decidieron regresar a la organizaci\u00f3n del Frente Nacional de Lucha por el Socialismo (FNLS), y actualmente amenazan con despojarlos de sus propiedades por lo cual hacen responsable a Juan Gabriel Hern\u00e1ndez Mart\u00ednez supuestas autoridades adem\u00e1s de la sindica del municipio de Benito Ju\u00e1rez.<\/p>\n\n\n\n<p>Entrevistado durante la manifestaci\u00f3n en las escalinatas de la Catedral Ranulfo Hern\u00e1ndez Dolores representante del FNLS en Veracruz, denunci\u00f3 el hostigamiento y amenazas que son objeto sus compa\u00f1eros de la comunidad de Cuexcontitla, del municipio de Benito Ju\u00e1rez, por parte de un grupo de la misma comunidad, quienes desde hace aproximadamente 14 a\u00f1os decidieron abandonar las filas de su organizaci\u00f3n por voluntad propia y que a partir de ese momento dicho grupo priv\u00f3 de todos los servicios y derechos a sus compa\u00f1eros.<\/p>\n\n\n\n<p>Acus\u00f3 a Juan Gabriel Hern\u00e1ndez, Julio Hern\u00e1ndez Hern\u00e1ndez, Martin S\u00e1nchez, Efr\u00e9n de la Cruz Mart\u00ednez, Juan Mart\u00ednez Catarina, Abrahan Mart\u00edn, Eusencio Cort\u00e9s Hern\u00e1ndez, Fernando Hern\u00e1ndez Lucia y el profesor jubilado Pedro Cort\u00e9s Ram\u00edrez de ser los que encabezan dicho gupo que en los \u00faltimos meses agudiz\u00f3 sus amenazas y cerro los accesos al agua, para los animales de sus compa\u00f1eros, con alambre de p\u00faa en el predio recuperado por la organizaci\u00f3n.<\/p>\n\n\n\n<p>Adem\u00e1s privaron a sus compa\u00f1eros del derecho al agua, programa de vivienda, espacios como la galera, iglesia y de obligaciones como reuniones, faenas y cooperaciones, a las familias que pertenecen a su organizaci\u00f3n, \u00a0todo eso es con el objetivo de justificar la pretensi\u00f3n de desplazamiento forzado, contra los habitantes del ejido y despojo del predio recuperado, por las comunidades organizadas, que los integrantes del FNLS de la comunidad de Cuexcontitla han trabajado en \u00e9l en todo este tiempo.<\/p>\n\n\n\n<p>Se\u00f1alaron que el conflicto de \u00edndole agrario de car\u00e1cter pol\u00edtico-organizativo lo han expuesto en diferentes dependencias gubernamentales, no obstante, ninguna ha dado alguna respuesta favorable y cuando lo han hecho de manera parcial lo que ha derivado en el estancamiento del asunto.<br>Se\u00f1alaron que ning\u00fan gobierno ni dependencia agraria tiene voluntad para resolver cada una de sus demandas y necesidades de las comunidades organizadas de la regi\u00f3n, tiene una actitud indolente mostrada por los gobiernos anteriores y el actual allana el camino para una confrontaci\u00f3n fratricida y a la vez para justificar la represi\u00f3n contra su esfuerzo organizativo FNLS.<\/p>\n\n\n\n<p>El conflicto agrario interno en la comunidad de Cuexcontitla es resultado de actuaci\u00f3n parcial de las dependencias gubernamentales como la residencia regional de la Procuradur\u00eda Agraria de Alamo Temapache, Veracruz, por lo que el riesgo de la integridad fisica y psicol\u00f3gica de sus compa\u00f1eros es real, en tanto que el grupo contrario ha manifestado que llegar\u00e1 hasta las \u00faltimas consecuencias en la pretensi\u00f3n de desplazar de la comunidad a nuestros compa\u00f1eros.<\/p>\n\n\n\n<p>\u201cLas amenazas hechas por parte de estos sujetos empiezan a objetivarse, el d\u00eda 12 de noviembre de 2021 nuestros compa\u00f1eros no fueron convocados a la reuni\u00f3n que realizaron en la escuela primaria, tampoco a la faena del d\u00eda 13, el d\u00eda 15 de este mes y a\u00f1o se present\u00f3 el agente municipal Ram\u00f3n Mart\u00ednez Cort\u00e9s y el juez auxiliar Fernando Hern\u00e1ndez Luc\u00eda en la casa comunal para entregar dos actas de asamblea donde manifiestan que dan 72 horas para que nuestro compa\u00f1ero On\u00e9simo Mart\u00ednez y familia desaloje la casa, as\u00ed como para decir que no hay acceso al cementerio&#8221;, se\u00f1al\u00f3.<\/p>\n\n\n\n<p>Son muchos a\u00f1os de hostigamiento y amenazas de parte de ese grupo, sus compa\u00f1eros se han mantenido por su convicci\u00f3n de lucha y firmeza ideol\u00f3gica, sin embargo, esta situaci\u00f3n no puede continuar de esta manera porque, as\u00ed como se respet\u00f3 la decisi\u00f3n del grupo que decidi\u00f3 abandonar las filas de la organizaci\u00f3n, tambi\u00e9n debe ser respetada la determinaci\u00f3n de nuestros compa\u00f1eros de esa comunidad de permanecer en la lucha organizada.<\/p>\n\n\n\n<p>&#8220;En el gobierno de Cuitl\u00e1huac Garc\u00eda tiene como saldo la detenci\u00f3n arbitraria de nuestro compa\u00f1ero Higinio Bustos Navarro el pasado 3 de mayo del presente a\u00f1o y que hasta hoy permanece preso en el CERESO de Tantoyuca, Veracruz&#8221;, acus\u00f3.<\/p>\n\n\n\n<p>Finalmente hicieron un llamado a las organizaciones populares y defensores de los derechos humanos de estar atentos de cualquier situaci\u00f3n que se presente en esta comunidad que pueda poner en riesgo la seguridad y la vida de nuestros compa\u00f1eros.<\/p>\n","protected":false},"excerpt":{"rendered":"<p>Dar\u00edo Pale Xalapa, Ver.- Denuncian 14 a\u00f1os de hostigamiento en contra de sus compa\u00f1eros que decidieron regresar a la organizaci\u00f3n del Frente Nacional de Lucha por el Socialismo (FNLS), y actualmente amenazan con despojarlos de sus propiedades por lo cual hacen responsable a Juan Gabriel Hern\u00e1ndez Mart\u00ednez supuestas autoridades adem\u00e1s de la sindica del municipio [&hellip;]<\/p>\n","protected":false},"author":1,"featured_media":20486,"comment_status":"open","ping_status":"open","sticky":false,"template":"","format":"standard","meta":{"_jetpack_memberships_contains_paid_content":false,"footnotes":""},"categories":[3],"tags":[],"class_list":["post-20485","post","type-post","status-publish","format-standard","has-post-thumbnail","hentry","category-xalapa"],"jetpack_featured_media_url":"https:\/\/encuentroinformativo.com.mx\/wp-content\/uploads\/2021\/11\/FDDB3833-0D62-477A-AB01-44450DF43CE3.jpeg","jetpack_sharing_enabled":true,"jetpack_likes_enabled":true,"amp_enabled":true,"_links":{"self":[{"href":"https:\/\/encuentroinformativo.com.mx\/index.php?rest_route=\/wp\/v2\/posts\/20485","targetHints":{"allow":["GET"]}}],"collection":[{"href":"https:\/\/encuentroinformativo.com.mx\/index.php?rest_route=\/wp\/v2\/posts"}],"about":[{"href":"https:\/\/encuentroinformativo.com.mx\/index.php?rest_route=\/wp\/v2\/types\/post"}],"author":[{"embeddable":true,"href":"https:\/\/encuentroinformativo.com.mx\/index.php?rest_route=\/wp\/v2\/users\/1"}],"replies":[{"embeddable":true,"href":"https:\/\/encuentroinformativo.com.mx\/index.php?rest_route=%2Fwp%2Fv2%2Fcomments&post=20485"}],"version-history":[{"count":1,"href":"https:\/\/encuentroinformativo.com.mx\/index.php?rest_route=\/wp\/v2\/posts\/20485\/revisions"}],"predecessor-version":[{"id":20487,"href":"https:\/\/encuentroinformativo.com.mx\/index.php?rest_route=\/wp\/v2\/posts\/20485\/revisions\/20487"}],"wp:featuredmedia":[{"embeddable":true,"href":"https:\/\/encuentroinformativo.com.mx\/index.php?rest_route=\/wp\/v2\/media\/20486"}],"wp:attachment":[{"href":"https:\/\/encuentroinformativo.com.mx\/index.php?rest_route=%2Fwp%2Fv2%2Fmedia&parent=20485"}],"wp:term":[{"taxonomy":"category","embeddable":true,"href":"https:\/\/encuentroinformativo.com.mx\/index.php?rest_route=%2Fwp%2Fv2%2Fcategories&post=20485"},{"taxonomy":"post_tag","embeddable":true,"href":"https:\/\/encuentroinformativo.com.mx\/index.php?rest_route=%2Fwp%2Fv2%2Ftags&post=20485"}],"curies":[{"name":"wp","href":"https:\/\/api.w.org\/{rel}","templated":true}]}}