{"id":20492,"date":"2021-11-18T12:58:25","date_gmt":"2021-11-18T18:58:25","guid":{"rendered":"https:\/\/encuentroinformativo.com.mx\/?p=20492"},"modified":"2021-11-18T12:58:28","modified_gmt":"2021-11-18T18:58:28","slug":"confirman-peregrinaciones-y-mananitas-en-el-dique","status":"publish","type":"post","link":"https:\/\/encuentroinformativo.com.mx\/?p=20492","title":{"rendered":"Confirman peregrinaciones y ma\u00f1anitas en El Dique"},"content":{"rendered":"\n<p><strong>Dar\u00edo Pale<\/strong><\/p>\n\n\n\n<p>Xalapa, Ver.- Francisco Ontiveros Guti\u00e9rrez, vicario de la Bas\u00edlica Menor confirm\u00f3 que si habr\u00e1 misa de gallo en la Bas\u00edlica Menor de El Dique, en Xalapa por lo que adelant\u00f3 que este viernes autoridades definir\u00e1n estrategia de esta fiesta.<\/p>\n\n\n\n<p>Entrevistado en las instalaciones de la Bas\u00edlica Menor se\u00f1al\u00f3 que ser\u00e1 este viernes cuando las autoridades municipales y estatales definan si se permitir\u00e1 o no el acceso y en su caso, el aforo de feligreses cat\u00f3licos, a la celebraci\u00f3n de la Virgen de Guadalupe en la Bas\u00edlica ubicada en el barrio de El Dique, los pr\u00f3ximos 11 y 12 de diciembre.<\/p>\n\n\n\n<p>Se\u00f1al\u00f3 que se celebrar\u00e1 la tradicional misa a las 11 de la noche del 11 de diciembre, a la que asistir\u00e1 el Administrador Apost\u00f3lico, el Obispo Jos\u00e9 Trinidad Zapata Ortiz y el obispo auxiliar, Rafael Palma Capetillo, adem\u00e1s del P\u00e1rroco y el Vicario.<\/p>\n\n\n\n<p>Destac\u00f3 que el sem\u00e1foro epidemiol\u00f3gico en verde en el que permanece Veracruz, permite a este santuario recibir una mayor cantidad de personas, pero no se rebasar\u00eda el aforo de 100.<\/p>\n\n\n\n<p>\u201cComo se dan cuenta, est\u00e1n aqu\u00ed en el templo, una banca cancelada y otra banca con espacios que se pueden ocupar, guardando la distancia que ya todos conocemos por la Secretar\u00eda de Salud, entonces hay una capacidad en el templo, superior a los 100 espacios\u201d, se\u00f1al\u00f3.<\/p>\n\n\n\n<p>Aunque en menor cantidad a la acostumbrada, tambi\u00e9n se prev\u00e9 la llegada de peregrinos de esta ciudad y de otros municipios y estados, hasta ahora s\u00f3lo se han registrado cinco peregrinaciones, una cifra muy reducida a la acostumbrada antes de la pandemia.<\/p>\n\n\n\n<p>Finalmente coment\u00f3 que la Gran Peregrinaci\u00f3n a la que asisten vecinos de El Dique abrir\u00e1 la llegada de peregrinaciones ser\u00e1 el domingo 5 de diciembre, con un recorrido que partir\u00e1 del centro de la ciudad.<\/p>\n","protected":false},"excerpt":{"rendered":"<p>Dar\u00edo Pale Xalapa, Ver.- Francisco Ontiveros Guti\u00e9rrez, vicario de la Bas\u00edlica Menor confirm\u00f3 que si habr\u00e1 misa de gallo en la Bas\u00edlica Menor de El Dique, en Xalapa por lo que adelant\u00f3 que este viernes autoridades definir\u00e1n estrategia de esta fiesta. Entrevistado en las instalaciones de la Bas\u00edlica Menor se\u00f1al\u00f3 que ser\u00e1 este viernes cuando [&hellip;]<\/p>\n","protected":false},"author":1,"featured_media":20493,"comment_status":"open","ping_status":"open","sticky":false,"template":"","format":"standard","meta":{"_jetpack_memberships_contains_paid_content":false,"footnotes":""},"categories":[3],"tags":[],"class_list":["post-20492","post","type-post","status-publish","format-standard","has-post-thumbnail","hentry","category-xalapa"],"jetpack_featured_media_url":"https:\/\/encuentroinformativo.com.mx\/wp-content\/uploads\/2021\/11\/F28A845F-E068-4428-AA12-3C838733753B.jpeg","jetpack_sharing_enabled":true,"jetpack_likes_enabled":true,"amp_enabled":true,"_links":{"self":[{"href":"https:\/\/encuentroinformativo.com.mx\/index.php?rest_route=\/wp\/v2\/posts\/20492","targetHints":{"allow":["GET"]}}],"collection":[{"href":"https:\/\/encuentroinformativo.com.mx\/index.php?rest_route=\/wp\/v2\/posts"}],"about":[{"href":"https:\/\/encuentroinformativo.com.mx\/index.php?rest_route=\/wp\/v2\/types\/post"}],"author":[{"embeddable":true,"href":"https:\/\/encuentroinformativo.com.mx\/index.php?rest_route=\/wp\/v2\/users\/1"}],"replies":[{"embeddable":true,"href":"https:\/\/encuentroinformativo.com.mx\/index.php?rest_route=%2Fwp%2Fv2%2Fcomments&post=20492"}],"version-history":[{"count":1,"href":"https:\/\/encuentroinformativo.com.mx\/index.php?rest_route=\/wp\/v2\/posts\/20492\/revisions"}],"predecessor-version":[{"id":20494,"href":"https:\/\/encuentroinformativo.com.mx\/index.php?rest_route=\/wp\/v2\/posts\/20492\/revisions\/20494"}],"wp:featuredmedia":[{"embeddable":true,"href":"https:\/\/encuentroinformativo.com.mx\/index.php?rest_route=\/wp\/v2\/media\/20493"}],"wp:attachment":[{"href":"https:\/\/encuentroinformativo.com.mx\/index.php?rest_route=%2Fwp%2Fv2%2Fmedia&parent=20492"}],"wp:term":[{"taxonomy":"category","embeddable":true,"href":"https:\/\/encuentroinformativo.com.mx\/index.php?rest_route=%2Fwp%2Fv2%2Fcategories&post=20492"},{"taxonomy":"post_tag","embeddable":true,"href":"https:\/\/encuentroinformativo.com.mx\/index.php?rest_route=%2Fwp%2Fv2%2Ftags&post=20492"}],"curies":[{"name":"wp","href":"https:\/\/api.w.org\/{rel}","templated":true}]}}