{"id":20495,"date":"2021-11-18T13:06:52","date_gmt":"2021-11-18T19:06:52","guid":{"rendered":"https:\/\/encuentroinformativo.com.mx\/?p=20495"},"modified":"2021-11-18T13:06:56","modified_gmt":"2021-11-18T19:06:56","slug":"alistan-ambientalistas-protestas-en-tlapacoyan","status":"publish","type":"post","link":"https:\/\/encuentroinformativo.com.mx\/?p=20495","title":{"rendered":"Alistan ambientalistas protestas en Tlapacoyan"},"content":{"rendered":"\n<p><strong>Juan Arcos<\/strong><\/p>\n\n\n\n<p>Xalapa, Ver.- Grupos de ambientalistas protestar\u00e1n en el municipio de Tlapacoyan el pr\u00f3ximo s\u00e1bado 20 de noviembre, para reforzar la defensa del entorno ecol\u00f3gico en Veracruz y exigir a los gobiernos que declaren al territorio libre de megaproyectos.<\/p>\n\n\n\n<p>De acuerdo con Guillermo Rodr\u00edguez Curiel, integrante de La Asamblea Veracruzana de Iniciativas y Defensa Ambiental (Lavida), en la concentraci\u00f3n participar\u00e1n activistas de las zonas norte, centro y sur del estado para intercambiar experiencias sobre las estrategias emprendidas para la defensa del territorio.<\/p>\n\n\n\n<p>\u201cNo hay planeta B, \u00e9ste es el \u00fanico planeta que tenemos. Despu\u00e9s de mirar, escuchar y leer los resolutivos de la reuni\u00f3n mundial convocada por la ONU, donde pr\u00e1cticamente son acuerdos que no protegen la naturaleza ni la vida misma, se decidi\u00f3 hacer otra concentraci\u00f3n\u201d.<\/p>\n\n\n\n<p>El entrevistado reprob\u00f3 que los grandes gobiernos del mundo no enfoquen su atenci\u00f3n en cuidar la poca biodiversidad que queda en la actualidad.<\/p>\n\n\n\n<p>Cabe recordar que los ambientalistas est\u00e1n en contra de proyectos de miner\u00eda a cielo abierto, presas hidroel\u00e9ctricas, fracking y otros que atentan contra la naturaleza.<\/p>\n\n\n\n<p>\u201cEstamos angustiados. Esta es una de las razones que nos lleva a reunirnos en Tlapacoyan. La otra raz\u00f3n es que hemos insistido muchos al gobierno federal y estatal que emitan decretos para proteger a la naturaleza e impedir que los proyectos de muerte o extractivos aniquilen a nuestra gran biodiversidad\u201d.<\/p>\n\n\n\n<p>El evento se realizar\u00e1 en el auditorio municipal de Tlapacoyan, en un horario de diez de la ma\u00f1ana a cuatro de la tarde.<\/p>\n\n\n\n<p>\u201cOjal\u00e1 nos acompa\u00f1en a Tlapacoyan. Nuestro compromiso es y seguir\u00e1 siendo con la naturaleza\u201d, culmin\u00f3 Rodr\u00edguez Curiel.<\/p>\n","protected":false},"excerpt":{"rendered":"<p>Juan Arcos Xalapa, Ver.- Grupos de ambientalistas protestar\u00e1n en el municipio de Tlapacoyan el pr\u00f3ximo s\u00e1bado 20 de noviembre, para reforzar la defensa del entorno ecol\u00f3gico en Veracruz y exigir a los gobiernos que declaren al territorio libre de megaproyectos. De acuerdo con Guillermo Rodr\u00edguez Curiel, integrante de La Asamblea Veracruzana de Iniciativas y Defensa [&hellip;]<\/p>\n","protected":false},"author":1,"featured_media":20496,"comment_status":"open","ping_status":"open","sticky":false,"template":"","format":"standard","meta":{"_jetpack_memberships_contains_paid_content":false,"footnotes":""},"categories":[2],"tags":[],"class_list":["post-20495","post","type-post","status-publish","format-standard","has-post-thumbnail","hentry","category-estado"],"jetpack_featured_media_url":"https:\/\/encuentroinformativo.com.mx\/wp-content\/uploads\/2021\/11\/D56DA099-A079-4E2D-8479-6AF0CFF1A479.jpeg","jetpack_sharing_enabled":true,"jetpack_likes_enabled":true,"amp_enabled":true,"_links":{"self":[{"href":"https:\/\/encuentroinformativo.com.mx\/index.php?rest_route=\/wp\/v2\/posts\/20495","targetHints":{"allow":["GET"]}}],"collection":[{"href":"https:\/\/encuentroinformativo.com.mx\/index.php?rest_route=\/wp\/v2\/posts"}],"about":[{"href":"https:\/\/encuentroinformativo.com.mx\/index.php?rest_route=\/wp\/v2\/types\/post"}],"author":[{"embeddable":true,"href":"https:\/\/encuentroinformativo.com.mx\/index.php?rest_route=\/wp\/v2\/users\/1"}],"replies":[{"embeddable":true,"href":"https:\/\/encuentroinformativo.com.mx\/index.php?rest_route=%2Fwp%2Fv2%2Fcomments&post=20495"}],"version-history":[{"count":1,"href":"https:\/\/encuentroinformativo.com.mx\/index.php?rest_route=\/wp\/v2\/posts\/20495\/revisions"}],"predecessor-version":[{"id":20497,"href":"https:\/\/encuentroinformativo.com.mx\/index.php?rest_route=\/wp\/v2\/posts\/20495\/revisions\/20497"}],"wp:featuredmedia":[{"embeddable":true,"href":"https:\/\/encuentroinformativo.com.mx\/index.php?rest_route=\/wp\/v2\/media\/20496"}],"wp:attachment":[{"href":"https:\/\/encuentroinformativo.com.mx\/index.php?rest_route=%2Fwp%2Fv2%2Fmedia&parent=20495"}],"wp:term":[{"taxonomy":"category","embeddable":true,"href":"https:\/\/encuentroinformativo.com.mx\/index.php?rest_route=%2Fwp%2Fv2%2Fcategories&post=20495"},{"taxonomy":"post_tag","embeddable":true,"href":"https:\/\/encuentroinformativo.com.mx\/index.php?rest_route=%2Fwp%2Fv2%2Ftags&post=20495"}],"curies":[{"name":"wp","href":"https:\/\/api.w.org\/{rel}","templated":true}]}}