{"id":20504,"date":"2021-11-18T14:05:42","date_gmt":"2021-11-18T20:05:42","guid":{"rendered":"https:\/\/encuentroinformativo.com.mx\/?p=20504"},"modified":"2021-11-18T14:05:46","modified_gmt":"2021-11-18T20:05:46","slug":"descarta-sectur-cancelar-eventos-masivos-el-proximo-ano","status":"publish","type":"post","link":"https:\/\/encuentroinformativo.com.mx\/?p=20504","title":{"rendered":"Descarta Sectur cancelar eventos masivos el pr\u00f3ximo a\u00f1o"},"content":{"rendered":"\n<p><strong>Dar\u00edo Pale<\/strong><\/p>\n\n\n\n<p>Xalapa, Ver.- La secretaria de Turismo de Veracruz X\u00f3chitl Arbes\u00fa Lago, dio a conocer que pese a que pueda presentarse la cuarta ola de contagios de Covid-19 que podr\u00eda registrarse, los eventos masivos que se tienen planeados llevar a cabo el pr\u00f3ximo a\u00f1o no se van a cancelar.<\/p>\n\n\n\n<p>En entrevista dio a conocer que deben estar pendientes de las indicaciones de las autoridades sanitarias, &#8220;es muy importante que nos mantengamos pendientes de las indicaciones de las autoridades de salud, hasta donde sabemos vamos con todo en la reactivaci\u00f3n econ\u00f3mica, siempre buscando el tema de cubrebocas, las medidas de sana distancia&#8221;.<\/p>\n\n\n\n<p>&#8220;Pero hasta donde tengo entendido esto ya no va a parar&#8230;yo creo que ya no (se cancelar\u00edan eventos masivos), pero esa es mi opini\u00f3n, vamos a esperar las medidas de la Secretar\u00eda de Salud&#8221;, se\u00f1al\u00f3.<\/p>\n\n\n\n<p>Finalmente se\u00f1al\u00f3 que hay que recordar que para el pr\u00f3ximo a\u00f1o se tienen planeados varios eventos masivos como el Carnaval de Veracruz, el Festival de la Salsa Boca del R\u00edo, as\u00ed como la Expo Feria en Coatzacoalcos, entre otros.<\/p>\n","protected":false},"excerpt":{"rendered":"<p>Dar\u00edo Pale Xalapa, Ver.- La secretaria de Turismo de Veracruz X\u00f3chitl Arbes\u00fa Lago, dio a conocer que pese a que pueda presentarse la cuarta ola de contagios de Covid-19 que podr\u00eda registrarse, los eventos masivos que se tienen planeados llevar a cabo el pr\u00f3ximo a\u00f1o no se van a cancelar. En entrevista dio a conocer [&hellip;]<\/p>\n","protected":false},"author":1,"featured_media":20505,"comment_status":"open","ping_status":"open","sticky":false,"template":"","format":"standard","meta":{"_jetpack_memberships_contains_paid_content":false,"footnotes":""},"categories":[2],"tags":[],"class_list":["post-20504","post","type-post","status-publish","format-standard","has-post-thumbnail","hentry","category-estado"],"jetpack_featured_media_url":"https:\/\/encuentroinformativo.com.mx\/wp-content\/uploads\/2021\/11\/8A5FEA6F-132C-4551-BDA8-DD11B6D7B065.jpeg","jetpack_sharing_enabled":true,"jetpack_likes_enabled":true,"amp_enabled":true,"_links":{"self":[{"href":"https:\/\/encuentroinformativo.com.mx\/index.php?rest_route=\/wp\/v2\/posts\/20504","targetHints":{"allow":["GET"]}}],"collection":[{"href":"https:\/\/encuentroinformativo.com.mx\/index.php?rest_route=\/wp\/v2\/posts"}],"about":[{"href":"https:\/\/encuentroinformativo.com.mx\/index.php?rest_route=\/wp\/v2\/types\/post"}],"author":[{"embeddable":true,"href":"https:\/\/encuentroinformativo.com.mx\/index.php?rest_route=\/wp\/v2\/users\/1"}],"replies":[{"embeddable":true,"href":"https:\/\/encuentroinformativo.com.mx\/index.php?rest_route=%2Fwp%2Fv2%2Fcomments&post=20504"}],"version-history":[{"count":1,"href":"https:\/\/encuentroinformativo.com.mx\/index.php?rest_route=\/wp\/v2\/posts\/20504\/revisions"}],"predecessor-version":[{"id":20506,"href":"https:\/\/encuentroinformativo.com.mx\/index.php?rest_route=\/wp\/v2\/posts\/20504\/revisions\/20506"}],"wp:featuredmedia":[{"embeddable":true,"href":"https:\/\/encuentroinformativo.com.mx\/index.php?rest_route=\/wp\/v2\/media\/20505"}],"wp:attachment":[{"href":"https:\/\/encuentroinformativo.com.mx\/index.php?rest_route=%2Fwp%2Fv2%2Fmedia&parent=20504"}],"wp:term":[{"taxonomy":"category","embeddable":true,"href":"https:\/\/encuentroinformativo.com.mx\/index.php?rest_route=%2Fwp%2Fv2%2Fcategories&post=20504"},{"taxonomy":"post_tag","embeddable":true,"href":"https:\/\/encuentroinformativo.com.mx\/index.php?rest_route=%2Fwp%2Fv2%2Ftags&post=20504"}],"curies":[{"name":"wp","href":"https:\/\/api.w.org\/{rel}","templated":true}]}}