{"id":20510,"date":"2021-11-18T14:32:26","date_gmt":"2021-11-18T20:32:26","guid":{"rendered":"https:\/\/encuentroinformativo.com.mx\/?p=20510"},"modified":"2021-11-18T14:32:30","modified_gmt":"2021-11-18T20:32:30","slug":"rechaza-glpan-iniciativa-para-modificar-cobro-de-predial","status":"publish","type":"post","link":"https:\/\/encuentroinformativo.com.mx\/?p=20510","title":{"rendered":"Rechaza GLPAN iniciativa para modificar cobro de predial"},"content":{"rendered":"\n<p><strong>Alejandro \u00c1vila<\/strong><\/p>\n\n\n\n<p>Boca del R\u00edo, Ver.- Una de las iniciativas presentadas ante Congreso por el gobernador Cuitl\u00e1huac Garc\u00eda Jim\u00e9nez, ser\u00e1 votada en contra al menos por el Grupo Legislativo del PAN, ante lo cual el diputado Jaime de la Garza Mart\u00ednez, insta al resto de partidos de oposici\u00f3n a sumarse a ellos.<\/p>\n\n\n\n<p>Cabe mencionar que el pasado jueves, el Ejecutivo estatal, envi\u00f3 3 iniciativas al Congreso Local para que fueran aprobadas; una de ellas, realizar convenios con los Ayuntamientos para que la Secretar\u00eda de Finanzas y Planeaci\u00f3n (SEFIPLAN) haga los cobros del impuesto predial de los municipios, a cambio de un monto extra, que saldr\u00e1 del Fondo de Fomento Municipal (FFM).<\/p>\n\n\n\n<p>&#8220;Nosotros estamos seguros que los diputados de Acci\u00f3n Nacional vamos a votar en contra de esta iniciativa (\u2026) somo una minor\u00eda a final de cuenta, pero no estamos solos, yo creo que tambi\u00e9n el PRI, Movimiento Ciudadano e independientemente algunos Legisladores de MORENA que no se deben al partido, se deben a los ciudadanos, deber\u00edan de votar en contra de esto, que a final de cuentas va a afectar directamente a sus alcaldes, a los Ayuntamientos, a la ciudadan\u00eda, \u00bfpor qu\u00e9?, porque el predial es el mayor ingreso de un Ayutamiento y al tu quitarselo, le quitas su autonom\u00eda, le quitas servicios a la gente, entonces yo creo que no es correcto&#8221;, asest\u00f3.<\/p>\n\n\n\n<p>El legislador boque\u00f1o, se\u00f1al\u00f3 que no existe como tal un excedente econ\u00f3mico, es la misma bolsa recaudatoria, solo dividida de una manera diferente.<\/p>\n\n\n\n<p>De la Garza Mart\u00ednez, acus\u00f3 que la Junta de Coordinaci\u00f3n Pol\u00edtica (JUCOPO), emiti\u00f3 una informaci\u00f3n muy escueta, por lo que solicita que no se vote al &#8220;fast track&#8221;, sino que sea debidamente analizada, ya que es un tema importante que podr\u00eda afectar a los alcaldes de cada municipio y sobre todo a los ciudadanos en la realizaci\u00f3n de obras p\u00fablicas.<\/p>\n\n\n\n<p>&#8220;Yo creo que hay que analizarlo, lo tienen que analizar tambi\u00e9n especialistas, pero nosotros en este momento vamos totalmente en contra de esta iniciativa, al menos los diputados de Acci\u00f3n Nacional&#8221;, asest\u00f3.<\/p>\n","protected":false},"excerpt":{"rendered":"<p>Alejandro \u00c1vila Boca del R\u00edo, Ver.- Una de las iniciativas presentadas ante Congreso por el gobernador Cuitl\u00e1huac Garc\u00eda Jim\u00e9nez, ser\u00e1 votada en contra al menos por el Grupo Legislativo del PAN, ante lo cual el diputado Jaime de la Garza Mart\u00ednez, insta al resto de partidos de oposici\u00f3n a sumarse a ellos. Cabe mencionar que [&hellip;]<\/p>\n","protected":false},"author":1,"featured_media":20511,"comment_status":"open","ping_status":"open","sticky":false,"template":"","format":"standard","meta":{"_jetpack_memberships_contains_paid_content":false,"footnotes":""},"categories":[2],"tags":[],"class_list":["post-20510","post","type-post","status-publish","format-standard","has-post-thumbnail","hentry","category-estado"],"jetpack_featured_media_url":"https:\/\/encuentroinformativo.com.mx\/wp-content\/uploads\/2021\/11\/E19A53CB-529E-4EA8-9F36-A7FF88D7C93E.jpeg","jetpack_sharing_enabled":true,"jetpack_likes_enabled":true,"amp_enabled":true,"_links":{"self":[{"href":"https:\/\/encuentroinformativo.com.mx\/index.php?rest_route=\/wp\/v2\/posts\/20510","targetHints":{"allow":["GET"]}}],"collection":[{"href":"https:\/\/encuentroinformativo.com.mx\/index.php?rest_route=\/wp\/v2\/posts"}],"about":[{"href":"https:\/\/encuentroinformativo.com.mx\/index.php?rest_route=\/wp\/v2\/types\/post"}],"author":[{"embeddable":true,"href":"https:\/\/encuentroinformativo.com.mx\/index.php?rest_route=\/wp\/v2\/users\/1"}],"replies":[{"embeddable":true,"href":"https:\/\/encuentroinformativo.com.mx\/index.php?rest_route=%2Fwp%2Fv2%2Fcomments&post=20510"}],"version-history":[{"count":1,"href":"https:\/\/encuentroinformativo.com.mx\/index.php?rest_route=\/wp\/v2\/posts\/20510\/revisions"}],"predecessor-version":[{"id":20512,"href":"https:\/\/encuentroinformativo.com.mx\/index.php?rest_route=\/wp\/v2\/posts\/20510\/revisions\/20512"}],"wp:featuredmedia":[{"embeddable":true,"href":"https:\/\/encuentroinformativo.com.mx\/index.php?rest_route=\/wp\/v2\/media\/20511"}],"wp:attachment":[{"href":"https:\/\/encuentroinformativo.com.mx\/index.php?rest_route=%2Fwp%2Fv2%2Fmedia&parent=20510"}],"wp:term":[{"taxonomy":"category","embeddable":true,"href":"https:\/\/encuentroinformativo.com.mx\/index.php?rest_route=%2Fwp%2Fv2%2Fcategories&post=20510"},{"taxonomy":"post_tag","embeddable":true,"href":"https:\/\/encuentroinformativo.com.mx\/index.php?rest_route=%2Fwp%2Fv2%2Ftags&post=20510"}],"curies":[{"name":"wp","href":"https:\/\/api.w.org\/{rel}","templated":true}]}}