{"id":20513,"date":"2021-11-18T14:37:05","date_gmt":"2021-11-18T20:37:05","guid":{"rendered":"https:\/\/encuentroinformativo.com.mx\/?p=20513"},"modified":"2021-11-18T14:37:09","modified_gmt":"2021-11-18T20:37:09","slug":"federacion-podria-aplicar-segunda-dosis-para-docentes-segun-oficial-mayor","status":"publish","type":"post","link":"https:\/\/encuentroinformativo.com.mx\/?p=20513","title":{"rendered":"Federaci\u00f3n podr\u00eda aplicar segunda dosis para docentes, seg\u00fan Oficial Mayor"},"content":{"rendered":"\n<p><strong>Dar\u00edo Pale <\/strong><\/p>\n\n\n\n<p>Xalapa, Ver.- La federaci\u00f3n est\u00e1 valorando la aplicaci\u00f3n de una dosis como refuerzo para los trabajadores de la educaci\u00f3n as\u00ed lo inform\u00f3 la Oficial Mayor de la Secretar\u00eda de Educaci\u00f3n de Veracruz (SEV), Ariadna Selene Aguilar Amaya.<\/p>\n\n\n\n<p>En entrevista se\u00f1al\u00f3 que tiene conocimiento de que a nivel nacional, la Federaci\u00f3n est\u00e1 valorando la aplicaci\u00f3n de una dosis de refuerzo para los trabajadores de la educaci\u00f3n, &#8220;nosotros somos muy respetuosos de la estrategia nacional, s\u00e9 que a nivel nacional se est\u00e1 valorando esta situaci\u00f3n de una segunda dosis&#8221;.<\/p>\n\n\n\n<p>&#8220;Sin embargo, no soy la autoridad apropiada para determinar esta situaci\u00f3n, hemos sido muy respetuosos y hemos trabajado de manera muy coordinada con la Secretar\u00eda de Salud, por ah\u00ed deber\u00e1 haber alg\u00fan comunicado al respecto y lo estaremos informando&#8221;, se\u00f1al\u00f3.<\/p>\n\n\n\n<p>Sobre si es necesario reforzar a los trabajadores de la dependencia, respondi\u00f3 que no es experta y por lo tanto, no podr\u00eda definir si es necesario o no una segunda dosis.<\/p>\n\n\n\n<p>&#8220;Aqu\u00ed lo importante es que la Secretar\u00eda de Salud se pronuncie al respecto, ellos est\u00e1n trabajando, s\u00e9 que est\u00e1n trabajando en este tema en particular de los docentes y nos estar\u00e1n informando al respecto&#8221;.<\/p>\n\n\n\n<p>Aguilar Amaya aclar\u00f3 que no han tenido de manera formal en la SEV la solicitud, solamente lo han visto en redes sociales, por eso es que las autoridades federales lo est\u00e1n analizando, de suerte que esperar\u00e1n lo que marquen en la estrategia nacional.<\/p>\n\n\n\n<p>Finalmente se\u00f1al\u00f3 que en Veracruz se ha seguido dicha estrategia que ha estado funcionando porque los contagios han disminuido, lo cual permite a la dependencia tener una mayor confianza y actuaci\u00f3n para que haya regreso presencial a clases.<\/p>\n","protected":false},"excerpt":{"rendered":"<p>Dar\u00edo Pale Xalapa, Ver.- La federaci\u00f3n est\u00e1 valorando la aplicaci\u00f3n de una dosis como refuerzo para los trabajadores de la educaci\u00f3n as\u00ed lo inform\u00f3 la Oficial Mayor de la Secretar\u00eda de Educaci\u00f3n de Veracruz (SEV), Ariadna Selene Aguilar Amaya. En entrevista se\u00f1al\u00f3 que tiene conocimiento de que a nivel nacional, la Federaci\u00f3n est\u00e1 valorando la [&hellip;]<\/p>\n","protected":false},"author":1,"featured_media":20514,"comment_status":"open","ping_status":"open","sticky":false,"template":"","format":"standard","meta":{"_jetpack_memberships_contains_paid_content":false,"footnotes":""},"categories":[9],"tags":[],"class_list":["post-20513","post","type-post","status-publish","format-standard","has-post-thumbnail","hentry","category-salud"],"jetpack_featured_media_url":"https:\/\/encuentroinformativo.com.mx\/wp-content\/uploads\/2021\/11\/02EA83A5-6F34-424A-B2BE-BDB62C2838FB.jpeg","jetpack_sharing_enabled":true,"jetpack_likes_enabled":true,"amp_enabled":true,"_links":{"self":[{"href":"https:\/\/encuentroinformativo.com.mx\/index.php?rest_route=\/wp\/v2\/posts\/20513","targetHints":{"allow":["GET"]}}],"collection":[{"href":"https:\/\/encuentroinformativo.com.mx\/index.php?rest_route=\/wp\/v2\/posts"}],"about":[{"href":"https:\/\/encuentroinformativo.com.mx\/index.php?rest_route=\/wp\/v2\/types\/post"}],"author":[{"embeddable":true,"href":"https:\/\/encuentroinformativo.com.mx\/index.php?rest_route=\/wp\/v2\/users\/1"}],"replies":[{"embeddable":true,"href":"https:\/\/encuentroinformativo.com.mx\/index.php?rest_route=%2Fwp%2Fv2%2Fcomments&post=20513"}],"version-history":[{"count":1,"href":"https:\/\/encuentroinformativo.com.mx\/index.php?rest_route=\/wp\/v2\/posts\/20513\/revisions"}],"predecessor-version":[{"id":20515,"href":"https:\/\/encuentroinformativo.com.mx\/index.php?rest_route=\/wp\/v2\/posts\/20513\/revisions\/20515"}],"wp:featuredmedia":[{"embeddable":true,"href":"https:\/\/encuentroinformativo.com.mx\/index.php?rest_route=\/wp\/v2\/media\/20514"}],"wp:attachment":[{"href":"https:\/\/encuentroinformativo.com.mx\/index.php?rest_route=%2Fwp%2Fv2%2Fmedia&parent=20513"}],"wp:term":[{"taxonomy":"category","embeddable":true,"href":"https:\/\/encuentroinformativo.com.mx\/index.php?rest_route=%2Fwp%2Fv2%2Fcategories&post=20513"},{"taxonomy":"post_tag","embeddable":true,"href":"https:\/\/encuentroinformativo.com.mx\/index.php?rest_route=%2Fwp%2Fv2%2Ftags&post=20513"}],"curies":[{"name":"wp","href":"https:\/\/api.w.org\/{rel}","templated":true}]}}