{"id":20516,"date":"2021-11-18T14:48:37","date_gmt":"2021-11-18T20:48:37","guid":{"rendered":"https:\/\/encuentroinformativo.com.mx\/?p=20516"},"modified":"2021-11-18T14:48:41","modified_gmt":"2021-11-18T20:48:41","slug":"siguen-sin-dejarnos-trabajar-mientras-realizan-conciertos-en-lugares-cerrados-los-caracoles","status":"publish","type":"post","link":"https:\/\/encuentroinformativo.com.mx\/?p=20516","title":{"rendered":"Siguen sin dejarnos trabajar, mientras realizan conciertos en lugares cerrados: Los Caracoles"},"content":{"rendered":"\n<p><strong>Alejandro \u00c1vila<\/strong><\/p>\n\n\n\n<p>Veracruz, Ver.- El grupo tropical Los Caracoles acus\u00f3 a Gobierno del Estado de permitir conciertos en un lugar cerrado como el World Trade Center de Boca del R\u00edo y permitir bailes populares en diversos municipios para as\u00ed reactivar la actividad de decenas de grupos musicales veracruzanos<\/p>\n\n\n\n<p>&#8220;Est\u00e1 de la madre, muy complicado, dificil\u00edsimo como no tienes idea&#8221;, dijo Roberto Contreras &#8220;La Sombra&#8221;, vocalista del grupo veracruzano, quien dijo llevan cerca de a\u00f1o y medio sin poder &#8220;tocar&#8221; para el p\u00fablico veracruzano en la entidad de donde son originarios.<\/p>\n\n\n\n<p>&#8220;Para nosotros lo ideal ser\u00eda que ya el gobernador saliera ya a dar as\u00ed como el banderazo, &#8216;oigan, pues ya ahora s\u00ed, b\u00fasquenle&#8217;, pero ustedes no me dejar\u00e1n mentir, no lo ha hecho (\u2026) fijense que yo ten\u00eda contratados un par de eventos en estos tiempos y me hablaron para decirme, &#8216;oye Sombra, cancelamos ya el evento porque el municipio no lo autoriz\u00f3&#8217; (\u2026) es una gran incongruencia, no, est\u00e1 parado casi 90 &#8211; 95 por ciento esto de los bailes, casi no hay&#8221;, refut\u00f3 el cantante.<\/p>\n\n\n\n<p>Dijo que en Puebla y Tlaxcala hay en algunas ocasiones bailes populares, pero en Yucat\u00e1n, Campeche, Tabasco y Veracruz no hay autorizaci\u00f3n real para realizar eventos de este tipo.<\/p>\n\n\n\n<p>&#8220;En la ciudad de Xalapa yo le he lanzado al gobernador una propuesta, yo le he dicho, &#8216;mira gobernador, no me regales nada&#8217;, porque Los Caracoles durante 46 hemos salido adelante a base de trabajo, el Gobierno del Estado que tu sabes que tiene muchos eventos en todo el estado, comprame unas fechas, ayudame&#8221;, se\u00f1al\u00f3 el popular &#8220;Sombra&#8221;.<\/p>\n\n\n\n<p>El grupo veracruzano, dijo que a pesar de la dificil situaci\u00f3n que est\u00e1n viviendo, ellos siguen ayudando a la gente y tocar\u00e1n gratis en las vacunaciones, en apoyo a los ni\u00f1os con c\u00e1ncer y en los asilos para personas de la tercera edad.<\/p>\n","protected":false},"excerpt":{"rendered":"<p>Alejandro \u00c1vila Veracruz, Ver.- El grupo tropical Los Caracoles acus\u00f3 a Gobierno del Estado de permitir conciertos en un lugar cerrado como el World Trade Center de Boca del R\u00edo y permitir bailes populares en diversos municipios para as\u00ed reactivar la actividad de decenas de grupos musicales veracruzanos &#8220;Est\u00e1 de la madre, muy complicado, dificil\u00edsimo [&hellip;]<\/p>\n","protected":false},"author":1,"featured_media":20517,"comment_status":"open","ping_status":"open","sticky":false,"template":"","format":"standard","meta":{"_jetpack_memberships_contains_paid_content":false,"footnotes":""},"categories":[2],"tags":[],"class_list":["post-20516","post","type-post","status-publish","format-standard","has-post-thumbnail","hentry","category-estado"],"jetpack_featured_media_url":"https:\/\/encuentroinformativo.com.mx\/wp-content\/uploads\/2021\/11\/57897E3E-8361-457F-817A-3F033ADA2F82.jpeg","jetpack_sharing_enabled":true,"jetpack_likes_enabled":true,"amp_enabled":true,"_links":{"self":[{"href":"https:\/\/encuentroinformativo.com.mx\/index.php?rest_route=\/wp\/v2\/posts\/20516","targetHints":{"allow":["GET"]}}],"collection":[{"href":"https:\/\/encuentroinformativo.com.mx\/index.php?rest_route=\/wp\/v2\/posts"}],"about":[{"href":"https:\/\/encuentroinformativo.com.mx\/index.php?rest_route=\/wp\/v2\/types\/post"}],"author":[{"embeddable":true,"href":"https:\/\/encuentroinformativo.com.mx\/index.php?rest_route=\/wp\/v2\/users\/1"}],"replies":[{"embeddable":true,"href":"https:\/\/encuentroinformativo.com.mx\/index.php?rest_route=%2Fwp%2Fv2%2Fcomments&post=20516"}],"version-history":[{"count":1,"href":"https:\/\/encuentroinformativo.com.mx\/index.php?rest_route=\/wp\/v2\/posts\/20516\/revisions"}],"predecessor-version":[{"id":20518,"href":"https:\/\/encuentroinformativo.com.mx\/index.php?rest_route=\/wp\/v2\/posts\/20516\/revisions\/20518"}],"wp:featuredmedia":[{"embeddable":true,"href":"https:\/\/encuentroinformativo.com.mx\/index.php?rest_route=\/wp\/v2\/media\/20517"}],"wp:attachment":[{"href":"https:\/\/encuentroinformativo.com.mx\/index.php?rest_route=%2Fwp%2Fv2%2Fmedia&parent=20516"}],"wp:term":[{"taxonomy":"category","embeddable":true,"href":"https:\/\/encuentroinformativo.com.mx\/index.php?rest_route=%2Fwp%2Fv2%2Fcategories&post=20516"},{"taxonomy":"post_tag","embeddable":true,"href":"https:\/\/encuentroinformativo.com.mx\/index.php?rest_route=%2Fwp%2Fv2%2Ftags&post=20516"}],"curies":[{"name":"wp","href":"https:\/\/api.w.org\/{rel}","templated":true}]}}