{"id":20519,"date":"2021-11-18T15:07:54","date_gmt":"2021-11-18T21:07:54","guid":{"rendered":"https:\/\/encuentroinformativo.com.mx\/?p=20519"},"modified":"2021-11-18T15:07:57","modified_gmt":"2021-11-18T21:07:57","slug":"garantizan-pago-de-prestaciones-en-la-sev","status":"publish","type":"post","link":"https:\/\/encuentroinformativo.com.mx\/?p=20519","title":{"rendered":"Garantizan pago de prestaciones en la SEV"},"content":{"rendered":"\n<p><strong>Dar\u00edo Pale <\/strong><\/p>\n\n\n\n<p>Xalapa, Ver.- El pago de prestaciones, aguinaldos y dem\u00e1s que se tienen que pagar a los trabajadores de la educaci\u00f3n este fin de a\u00f1o, est\u00e1n asegurados as\u00ed lo inform\u00f3 el secretario de Educaci\u00f3n de Veracruz, Zenyazen Escobar Garc\u00eda.<\/p>\n\n\n\n<p>Entrevistado en las instalaciones de la SEV se\u00f1al\u00f3 que se acaba de firmar la solicitud al secretario de Finanzas para que fluyan recursos a trav\u00e9s del U080, que es el Programa de Apoyo a Centros y Organizaciones de Educaci\u00f3n y con ello solventar el pago a los trabajadores de la dependencia.<\/p>\n\n\n\n<p>&#8220;Est\u00e1 seguro, acabamos de firmar a trav\u00e9s del secretario de Finanzas el U080 y solicitando el apoyo de la Federaci\u00f3n para solventar los gastos de este mes, el pago de los trabajadores que est\u00e1 completamente seguro&#8221;, se\u00f1al\u00f3.<\/p>\n\n\n\n<p>Evit\u00f3 dar a conocer el monto que tendr\u00eda que aportar la Federaci\u00f3n, eso lo dar\u00e1n a conocer m\u00e1s adelante, adem\u00e1s coment\u00f3 que ya han retirado la mayor\u00eda de los 77 domos que fueron derribados por el hurac\u00e1n Grace, ello con el apoyo de constructores que han apoyado con el pago de las cuadrillas de trabajadores.<\/p>\n\n\n\n<p>Expuso que la Federaci\u00f3n puso en marcha un nuevo fondo para la reconstrucci\u00f3n de las escuelas afectadas y con los que podr\u00e1n hacer la reconstrucci\u00f3n de unos 135 planteles que, en algunos casos tiene que ser reconstrucci\u00f3n total.<\/p>\n\n\n\n<p>En ese sentido, explic\u00f3 que aquellas escuelas que no lograron obtener el recurso federal, podr\u00e1n ser apoyadas con recursos estatales, gracias a los ahorros que han tenido.<br>Informo que entregar\u00e1n 200 mil pesos de esos recursos federales a las escuelas y con ello poder apoyar a las que resultaron da\u00f1adas, aunque no cit\u00f3 el total de escuelas, pero en los pr\u00f3ximos 15 d\u00edas har\u00e1n entrega a cien planteles.<\/p>\n\n\n\n<p>Aclar\u00f3 que existen recursos del programa &#8220;La Escuela es nuestra&#8221; mismos que se ejercer\u00e1n en un total de 181 escuelas por montos que van de los 200 y hasta los 500 mil pesos.\u00a0<br>Record\u00f3 que los 491 millones de pesos que fueron aprobados tres semanas antes de que impactara el hurac\u00e1n Grace, se iban a destinar a 2 mil 555 escuelas, pero debido al desastre s\u00f3lo lograron ingresar 181 escuelas.<\/p>\n\n\n\n<p>En otro orden de ideas, inform\u00f3 que ya repartieron 800 mil pesos que lograron de ganancias del concierto, pero todav\u00eda no terminan, en cuanto a los se\u00f1alamientos de que obligaron a los trabajadores a comprar boletos para dicho concierto, neg\u00f3 que se les haya obligado, pero reconoci\u00f3 que deb\u00eda existir el compromiso de los servidores p\u00fablicos para apoyar el desastre.<\/p>\n\n\n\n<p>Acept\u00f3 que no lograron vender el total de los boletos, de los 6 mil que esperaban vender, lograron una venta de 4 mil.<\/p>\n\n\n\n<p>Finalmente coment\u00f3 que, &#8220;fue un llamado fraterno porque este dinero que dimos a padres y madres de familia, no es un tema de exigencia, es un tema de cooperaci\u00f3n, de humanismo por parte de nosotros los funcionarios&#8221;.<\/p>\n","protected":false},"excerpt":{"rendered":"<p>Dar\u00edo Pale Xalapa, Ver.- El pago de prestaciones, aguinaldos y dem\u00e1s que se tienen que pagar a los trabajadores de la educaci\u00f3n este fin de a\u00f1o, est\u00e1n asegurados as\u00ed lo inform\u00f3 el secretario de Educaci\u00f3n de Veracruz, Zenyazen Escobar Garc\u00eda. Entrevistado en las instalaciones de la SEV se\u00f1al\u00f3 que se acaba de firmar la solicitud [&hellip;]<\/p>\n","protected":false},"author":1,"featured_media":20520,"comment_status":"open","ping_status":"open","sticky":false,"template":"","format":"standard","meta":{"_jetpack_memberships_contains_paid_content":false,"footnotes":""},"categories":[2],"tags":[],"class_list":["post-20519","post","type-post","status-publish","format-standard","has-post-thumbnail","hentry","category-estado"],"jetpack_featured_media_url":"https:\/\/encuentroinformativo.com.mx\/wp-content\/uploads\/2021\/11\/5AF4387C-CB60-46C7-A055-16A2033AB0E2.jpeg","jetpack_sharing_enabled":true,"jetpack_likes_enabled":true,"amp_enabled":true,"_links":{"self":[{"href":"https:\/\/encuentroinformativo.com.mx\/index.php?rest_route=\/wp\/v2\/posts\/20519","targetHints":{"allow":["GET"]}}],"collection":[{"href":"https:\/\/encuentroinformativo.com.mx\/index.php?rest_route=\/wp\/v2\/posts"}],"about":[{"href":"https:\/\/encuentroinformativo.com.mx\/index.php?rest_route=\/wp\/v2\/types\/post"}],"author":[{"embeddable":true,"href":"https:\/\/encuentroinformativo.com.mx\/index.php?rest_route=\/wp\/v2\/users\/1"}],"replies":[{"embeddable":true,"href":"https:\/\/encuentroinformativo.com.mx\/index.php?rest_route=%2Fwp%2Fv2%2Fcomments&post=20519"}],"version-history":[{"count":1,"href":"https:\/\/encuentroinformativo.com.mx\/index.php?rest_route=\/wp\/v2\/posts\/20519\/revisions"}],"predecessor-version":[{"id":20521,"href":"https:\/\/encuentroinformativo.com.mx\/index.php?rest_route=\/wp\/v2\/posts\/20519\/revisions\/20521"}],"wp:featuredmedia":[{"embeddable":true,"href":"https:\/\/encuentroinformativo.com.mx\/index.php?rest_route=\/wp\/v2\/media\/20520"}],"wp:attachment":[{"href":"https:\/\/encuentroinformativo.com.mx\/index.php?rest_route=%2Fwp%2Fv2%2Fmedia&parent=20519"}],"wp:term":[{"taxonomy":"category","embeddable":true,"href":"https:\/\/encuentroinformativo.com.mx\/index.php?rest_route=%2Fwp%2Fv2%2Fcategories&post=20519"},{"taxonomy":"post_tag","embeddable":true,"href":"https:\/\/encuentroinformativo.com.mx\/index.php?rest_route=%2Fwp%2Fv2%2Ftags&post=20519"}],"curies":[{"name":"wp","href":"https:\/\/api.w.org\/{rel}","templated":true}]}}