{"id":20522,"date":"2021-11-19T07:07:00","date_gmt":"2021-11-19T13:07:00","guid":{"rendered":"https:\/\/encuentroinformativo.com.mx\/?p=20522"},"modified":"2021-11-19T00:33:56","modified_gmt":"2021-11-19T06:33:56","slug":"amado-ante-la-historia","status":"publish","type":"post","link":"https:\/\/encuentroinformativo.com.mx\/?p=20522","title":{"rendered":"Amado ante la Historia"},"content":{"rendered":"\n<p><strong>Revelaciones<\/strong><br><br><strong>Margarito Escudero Luis<\/strong><\/p>\n\n\n\n<p>El sur de Veracruz y del pa\u00eds en general, est\u00e1 llamado a tener un crecimiento econ\u00f3mico muy importante y todo lo que eso implica, dados los programas y proyectos del gobierno para esta zona.<\/p>\n\n\n\n<p>El Corredor Interoce\u00e1nico y el Tren Maya ser\u00e1n los principales pilares de ese desarrollo, aunado a la puesta en marcha de la refiner\u00eda de Dos Bocas en Para\u00edso, Tabasco.<\/p>\n\n\n\n<p>Coatzacoalcos ser\u00e1 sin duda, una de las ciudades m\u00e1s importantes de este nuevo sistema, puesto que es la sede del Corredor Interoce\u00e1nico que se conecta pr\u00e1cticamente con todo el sur del pa\u00eds. As\u00ed que nuestra ciudad tiene una nueva oportunidad de brillar en el firmamento econ\u00f3mico mexicano y una importante proyecci\u00f3n internacional.<\/p>\n\n\n\n<p>El cambio de administraci\u00f3n municipal a partir del uno de enero pr\u00f3ximo, trae tambi\u00e9n la esperanza de una nueva forma de hacer, construir y crear nuevos caminos para el desarrollo de la ciudad, la regi\u00f3n y sus ciudadanos.<\/p>\n\n\n\n<p>El nuevo presidente municipal, Amado Cruz Malpica tiene ante s\u00ed un formidable reto en el que se requiere de toda su preparaci\u00f3n, inteligencia y experiencia para poder dirigir al municipio por el rumbo que la Historia le marca en este momento.<\/p>\n\n\n\n<p>No hay duda de la capacidad de Cruz Malpica, de su nivel cultural y acad\u00e9mico, adem\u00e1s de su formaci\u00f3n pol\u00edtica que viene de una parte ajena a la corrupci\u00f3n que perme\u00f3 durante d\u00e9cadas en esta zona, donde el \u201cboom\u201d petrolero se desvaneci\u00f3 como humo y ni siquiera se lleg\u00f3 a administrar la abundancia que se prometi\u00f3 en aquel tiempo.<\/p>\n\n\n\n<p>Esa riqueza que se fue a otras partes del mundo, que se qued\u00f3 en unas cuantas manos como producto del indiscriminado saqueo a la Naci\u00f3n, vuelve a tocar las puertas de este municipio y el encargado de abrirlas y ser el anfitri\u00f3n es Amado Cruz Malpica, cuya visi\u00f3n coincide con la del presidente L\u00f3pez Obrador para aterrizar el ambicioso proyecto y sacar adelante la parte sur de la Patria con un enfoque social y no solamente empresarial.<\/p>\n\n\n\n<p>Falta ver quienes ser\u00e1n los que rodear\u00e1n a Cruz Malpica en esta aventura, adem\u00e1s de los ediles ya conocidos, porque en medio de la euforia por el triunfo avasallador, no se debe olvidar que muchos quedaron resentidos, que otros tantos no buscan ni entienden el desarrollo social y que estar\u00e1n agazapados a la espera de su oportunidad.<\/p>\n\n\n\n<p>Sin embargo, podemos ver con claridad el momento hist\u00f3rico que le tocar\u00e1 protagonizar a Cruz Malpica, como una de las piezas m\u00e1s importantes del proceso que traer\u00e1 desarrollo social y econ\u00f3mico a su patria chica.<\/p>\n","protected":false},"excerpt":{"rendered":"<p>Revelaciones Margarito Escudero Luis El sur de Veracruz y del pa\u00eds en general, est\u00e1 llamado a tener un crecimiento econ\u00f3mico muy importante y todo lo que eso implica, dados los programas y proyectos del gobierno para esta zona. El Corredor Interoce\u00e1nico y el Tren Maya ser\u00e1n los principales pilares de ese desarrollo, aunado a la [&hellip;]<\/p>\n","protected":false},"author":1,"featured_media":387,"comment_status":"open","ping_status":"open","sticky":false,"template":"","format":"standard","meta":{"_jetpack_memberships_contains_paid_content":false,"footnotes":""},"categories":[11],"tags":[],"class_list":["post-20522","post","type-post","status-publish","format-standard","has-post-thumbnail","hentry","category-opinion"],"jetpack_featured_media_url":"https:\/\/encuentroinformativo.com.mx\/wp-content\/uploads\/2020\/03\/7CF8A22B-2764-47BE-8F7F-38FE9E5D6A2F.jpeg","jetpack_sharing_enabled":true,"jetpack_likes_enabled":true,"amp_enabled":true,"_links":{"self":[{"href":"https:\/\/encuentroinformativo.com.mx\/index.php?rest_route=\/wp\/v2\/posts\/20522","targetHints":{"allow":["GET"]}}],"collection":[{"href":"https:\/\/encuentroinformativo.com.mx\/index.php?rest_route=\/wp\/v2\/posts"}],"about":[{"href":"https:\/\/encuentroinformativo.com.mx\/index.php?rest_route=\/wp\/v2\/types\/post"}],"author":[{"embeddable":true,"href":"https:\/\/encuentroinformativo.com.mx\/index.php?rest_route=\/wp\/v2\/users\/1"}],"replies":[{"embeddable":true,"href":"https:\/\/encuentroinformativo.com.mx\/index.php?rest_route=%2Fwp%2Fv2%2Fcomments&post=20522"}],"version-history":[{"count":1,"href":"https:\/\/encuentroinformativo.com.mx\/index.php?rest_route=\/wp\/v2\/posts\/20522\/revisions"}],"predecessor-version":[{"id":20523,"href":"https:\/\/encuentroinformativo.com.mx\/index.php?rest_route=\/wp\/v2\/posts\/20522\/revisions\/20523"}],"wp:featuredmedia":[{"embeddable":true,"href":"https:\/\/encuentroinformativo.com.mx\/index.php?rest_route=\/wp\/v2\/media\/387"}],"wp:attachment":[{"href":"https:\/\/encuentroinformativo.com.mx\/index.php?rest_route=%2Fwp%2Fv2%2Fmedia&parent=20522"}],"wp:term":[{"taxonomy":"category","embeddable":true,"href":"https:\/\/encuentroinformativo.com.mx\/index.php?rest_route=%2Fwp%2Fv2%2Fcategories&post=20522"},{"taxonomy":"post_tag","embeddable":true,"href":"https:\/\/encuentroinformativo.com.mx\/index.php?rest_route=%2Fwp%2Fv2%2Ftags&post=20522"}],"curies":[{"name":"wp","href":"https:\/\/api.w.org\/{rel}","templated":true}]}}