{"id":2053,"date":"2020-04-23T11:25:38","date_gmt":"2020-04-23T16:25:38","guid":{"rendered":"https:\/\/encuentroinformativo.com\/?p=2053"},"modified":"2020-04-23T11:25:40","modified_gmt":"2020-04-23T16:25:40","slug":"mi-familia-con-covid","status":"publish","type":"post","link":"https:\/\/encuentroinformativo.com.mx\/?p=2053","title":{"rendered":"Mi familia con Covid"},"content":{"rendered":"\n<p><em><strong>N\u00fameros Rojos<\/strong><\/em><\/p>\n\n\n\n<p><strong>Brenda Caballero<\/strong><\/p>\n\n\n\n<p>\u201cSal\u00ed positivo\u201d fue el mensaje de mi hermana, despu\u00e9s de acudir a un hospital particular para hacerse la prueba de Covid 19, por s\u00edntomas de tos y dolor en el pecho al toser.<\/p>\n\n\n\n<p>La noche anterior a\u00fan ten\u00edamos la esperanza de que su resultado fuera negativo para&nbsp;Covid&nbsp;19 y le ech\u00e1bamos porras para tranquilizar su estr\u00e9s que ya como m\u00e9dico y profesional de la salud tiene en esta pandemia.<\/p>\n\n\n\n<p>Sin embargo, el resultado para SARS-CoV-2 fue positivo con una estimaci\u00f3n de carga viral severa y una amplificaci\u00f3n en el ciclo de 20\/40. Sin duda, su trabajo fue el origen de su contagio, ya que una persona puede salir positivo en forma leve o moderada. Pero su contagio es severo y an\u00edmicamente se encuentra deprimida y estresada, m\u00e1s cuando todas las noticias nos bombardean diariamente de forma negativa, casi sin esperanzas de salir adelante despu\u00e9s de haberse infectado por Covid.<\/p>\n\n\n\n<p>Ella tiene miedo, a pesar de su profesi\u00f3n. Se toma la temperatura, su presi\u00f3n, sus signos vitales, se monitorea todos los d\u00edas. Teme que se le compliquen los s\u00edntomas, le d\u00e9 fiebre, tenga dificultad para respirar y sea trasladada a un hospital donde como anestesista conoce todos los pasos de la intubaci\u00f3n.<\/p>\n\n\n\n<p>Me dice que no quiere estresarse, pues cuando tienes Covid19, an\u00edmicamente debes estar al 100, ser positiva, alimentarte y dormir bien y sobre todo reforzar su sistema inmunol\u00f3gico. Por ello ha dejado de ver noticias, las redes sociales, pues siempre magnifican lo malo y dejan de lado las cosas positivas.<\/p>\n\n\n\n<p>Ella se ha aislado en casa, aunque desde principios de marzo ya lo hac\u00eda. Llegaba del hospital y segu\u00eda el ritual de cambiarse de ropa, meterla a lavar de inmediato, poner una jerga con cloro para desinfectar sus zapatos, lavarse las manos y hasta meterse a ba\u00f1ar, todo con tal de no contagiar a mi madre y mi sobrino que est\u00e1n con ella.<\/p>\n\n\n\n<p>Incluso llegaba del trabajo y aunque su hijo de 7 a\u00f1os quer\u00eda estar con ella, guardaban la sana&nbsp;distancia desde antes, aunque doliera no abrazar a tus seres queridos.<\/p>\n\n\n\n<p>Hoy es su sexto d\u00eda aislada en su casa, en un cuarto de nueve metros cuadrados, y ha respondido bien al medicamento que le han recetado por 5 d\u00edas, adem\u00e1s de tomar cuatro litros de agua diariamente.<\/p>\n\n\n\n<p>La cuida mi madre, ella s\u00ed dentro del grupo de riesgo, pero&nbsp; que hasta el momento no ha desarrollado ning\u00fan s\u00edntoma de haberse infectado de Covid 19, al igual que mi sobrino.<\/p>\n\n\n\n<p>\u00bfNo les han hecho la prueba a tu mam\u00e1 y a tu sobrino? Me preguntan. Si no tienen ning\u00fan s\u00edntoma no es necesario me dice mi hermana.<\/p>\n\n\n\n<p>A veces la incertidumbre, el miedo a lo desconocido, algunos medios de comunicaci\u00f3n y las redes sociales hacen que nuestro cuerpo se focalice y llene de estr\u00e9s. Es importante que tambi\u00e9n compartamos cosas positivas y buenas noticias, \u00a1ah! y sobre todo mantener el buen humor, tan escaso en tiempos de Coronavirus.<\/p>\n\n\n\n<p>@NumerosRojos_BC<\/p>\n\n\n\n<p><a href=\"mailto:caballero_brenda@hotmail.com\" target=\"_blank\" rel=\"noreferrer noopener\">caballero_brenda@hotmail.com<\/a>&nbsp;<\/p>\n","protected":false},"excerpt":{"rendered":"<p>N\u00fameros Rojos Brenda Caballero \u201cSal\u00ed positivo\u201d fue el mensaje de mi hermana, despu\u00e9s de acudir a un hospital particular para hacerse la prueba de Covid 19, por s\u00edntomas de tos y dolor en el pecho al toser. La noche anterior a\u00fan ten\u00edamos la esperanza de que su resultado fuera negativo para&nbsp;Covid&nbsp;19 y le ech\u00e1bamos porras [&hellip;]<\/p>\n","protected":false},"author":1,"featured_media":70,"comment_status":"open","ping_status":"open","sticky":false,"template":"","format":"standard","meta":{"_jetpack_memberships_contains_paid_content":false,"footnotes":""},"categories":[11],"tags":[],"class_list":["post-2053","post","type-post","status-publish","format-standard","has-post-thumbnail","hentry","category-opinion"],"jetpack_featured_media_url":"https:\/\/encuentroinformativo.com.mx\/wp-content\/uploads\/2020\/02\/opinion-invitado.jpg","jetpack_sharing_enabled":true,"jetpack_likes_enabled":true,"amp_enabled":true,"_links":{"self":[{"href":"https:\/\/encuentroinformativo.com.mx\/index.php?rest_route=\/wp\/v2\/posts\/2053","targetHints":{"allow":["GET"]}}],"collection":[{"href":"https:\/\/encuentroinformativo.com.mx\/index.php?rest_route=\/wp\/v2\/posts"}],"about":[{"href":"https:\/\/encuentroinformativo.com.mx\/index.php?rest_route=\/wp\/v2\/types\/post"}],"author":[{"embeddable":true,"href":"https:\/\/encuentroinformativo.com.mx\/index.php?rest_route=\/wp\/v2\/users\/1"}],"replies":[{"embeddable":true,"href":"https:\/\/encuentroinformativo.com.mx\/index.php?rest_route=%2Fwp%2Fv2%2Fcomments&post=2053"}],"version-history":[{"count":1,"href":"https:\/\/encuentroinformativo.com.mx\/index.php?rest_route=\/wp\/v2\/posts\/2053\/revisions"}],"predecessor-version":[{"id":2054,"href":"https:\/\/encuentroinformativo.com.mx\/index.php?rest_route=\/wp\/v2\/posts\/2053\/revisions\/2054"}],"wp:featuredmedia":[{"embeddable":true,"href":"https:\/\/encuentroinformativo.com.mx\/index.php?rest_route=\/wp\/v2\/media\/70"}],"wp:attachment":[{"href":"https:\/\/encuentroinformativo.com.mx\/index.php?rest_route=%2Fwp%2Fv2%2Fmedia&parent=2053"}],"wp:term":[{"taxonomy":"category","embeddable":true,"href":"https:\/\/encuentroinformativo.com.mx\/index.php?rest_route=%2Fwp%2Fv2%2Fcategories&post=2053"},{"taxonomy":"post_tag","embeddable":true,"href":"https:\/\/encuentroinformativo.com.mx\/index.php?rest_route=%2Fwp%2Fv2%2Ftags&post=2053"}],"curies":[{"name":"wp","href":"https:\/\/api.w.org\/{rel}","templated":true}]}}