{"id":20542,"date":"2021-11-19T15:07:29","date_gmt":"2021-11-19T21:07:29","guid":{"rendered":"https:\/\/encuentroinformativo.com.mx\/?p=20542"},"modified":"2021-11-19T15:07:32","modified_gmt":"2021-11-19T21:07:32","slug":"reforma-electrica-sera-socializada-en-300-distritos-ivonne-cisneros","status":"publish","type":"post","link":"https:\/\/encuentroinformativo.com.mx\/?p=20542","title":{"rendered":"Reforma El\u00e9ctrica ser\u00e1 socializada en 300 distritos: Ivonne Cisneros"},"content":{"rendered":"\n<p><strong>Dar\u00edo Pale<\/strong><\/p>\n\n\n\n<p>Xalapa, Ver.- La diputada federal Ivonne Cisneros Luj\u00e1n dio a conocer que van a socializar la \u00a0Reforma El\u00e9ctrica en 300 distritos electorales del pa\u00eds, anunci\u00f3 Ivonne Cisneros durante la inauguraci\u00f3n de su casa de enlace en Xalapa.<\/p>\n\n\n\n<p>En conferencia de prensa realizada en sus oficinas, la legisladora federal dio a conocer que se realizar\u00e1n foros en donde van a participar expertos y ciudadanos que conozcan sobre el tema, y est\u00e1 campa\u00f1a a favor de la Reforma Energ\u00e9tica ser\u00e1 financiada con el recurso de cada legislador que integran los 300 distritos.<\/p>\n\n\n\n<p>\u201cLo que corresponde a todo este trabajo de socializaci\u00f3n es algo que nosotros vamos a hacer, lo primero que quiero comentarles es la fortuna de tener el conocimiento y de como reunirnos con la poblaci\u00f3n y tenemos a\u00f1os haci\u00e9ndolos sin recursos, y ahorita que tenemos una dieta como diputados, la verdad es que con much\u00edsimo gusto ponemos parte de ella para alquilar un sal\u00f3n, lo que podamos hacer con tal de llevarles lo que es el contenido con esta Reforma\u201d, coment\u00f3.<\/p>\n\n\n\n<p>Ivonne Cisneros evit\u00f3 opinar si la socializaci\u00f3n de la reforma es con el objetivo de tener el apoyo ciudadano, ante la falta de votos en el Congreso Federal, &#8220;vamos a recuperar la conducci\u00f3n, para que no sigan creciendo las tarifas y lleguen a todas las comunidades el acceso a la sociedad\u201d.<\/p>\n\n\n\n<p>Es de recordar que la Reforma El\u00e9ctrica se aplaz\u00f3 para su presentaci\u00f3n y aprobaci\u00f3n para el pr\u00f3ximo mes de marzo del 2022, pues en este tiempo se espera que las y los ciudadanos conozcan sobre de que se trata.<\/p>\n\n\n\n<p>En otro orden de ideas se\u00f1al\u00f3 que el Gobernador Cuitl\u00e1huac Garc\u00eda Jim\u00e9nez no designar\u00e1 a su sucesora o sucesor por &#8220;dedazo&#8221;, pues en su momento la candidatura del partido Movimiento de Regeneraci\u00f3n Nacional a la gubernatura para el proceso electoral del 2024 ser\u00e1 el resultado de una encuesta.<\/p>\n\n\n\n<p>A pregunta expresa sobre la supuesta promoci\u00f3n a Roc\u00edo Nahle, actual secretaria de Energ\u00eda en el pa\u00eds, &#8220;cuesta trabajo entender por est\u00e1 tradici\u00f3n donde es el Gobernador en turno quien da un dedazo para ver qui\u00e9n lo va a suceder y pues resulta que ya no estamos en eso en este pa\u00eds&#8221;.<\/p>\n\n\n\n<p>Subray\u00f3 que el primero que est\u00e1 rompiendo con esto es el presidente Andr\u00e9s Manuel L\u00f3pez Obrador, cuando ha insistido que hay un conjunto de hombres y mujeres que tienen la capacidad y disposici\u00f3n, el talento y el apoyo ciudadano.<\/p>\n\n\n\n<p>Finalmente se\u00f1al\u00f3 que, &#8220;Habremos de esperar los tiempos. Yo creo que hay diversas veracruzanas y veracruzanos que tendr\u00e1n esas caracter\u00edsticas que busca Morena para apoyar a un candidato: honestidad, la cercan\u00eda con la poblaci\u00f3n, que conozca los problemas, que la gente tenga una buena opini\u00f3n de ellas o ellos y en funci\u00f3n de eso es que se determina qui\u00e9n va&#8221;.<\/p>\n","protected":false},"excerpt":{"rendered":"<p>Dar\u00edo Pale Xalapa, Ver.- La diputada federal Ivonne Cisneros Luj\u00e1n dio a conocer que van a socializar la \u00a0Reforma El\u00e9ctrica en 300 distritos electorales del pa\u00eds, anunci\u00f3 Ivonne Cisneros durante la inauguraci\u00f3n de su casa de enlace en Xalapa. En conferencia de prensa realizada en sus oficinas, la legisladora federal dio a conocer que se [&hellip;]<\/p>\n","protected":false},"author":1,"featured_media":20543,"comment_status":"open","ping_status":"open","sticky":false,"template":"","format":"standard","meta":{"_jetpack_memberships_contains_paid_content":false,"footnotes":""},"categories":[12],"tags":[],"class_list":["post-20542","post","type-post","status-publish","format-standard","has-post-thumbnail","hentry","category-nacional"],"jetpack_featured_media_url":"https:\/\/encuentroinformativo.com.mx\/wp-content\/uploads\/2021\/11\/1FA2C107-1E84-43D7-BC9D-5181B2FE5D83.jpeg","jetpack_sharing_enabled":true,"jetpack_likes_enabled":true,"amp_enabled":true,"_links":{"self":[{"href":"https:\/\/encuentroinformativo.com.mx\/index.php?rest_route=\/wp\/v2\/posts\/20542","targetHints":{"allow":["GET"]}}],"collection":[{"href":"https:\/\/encuentroinformativo.com.mx\/index.php?rest_route=\/wp\/v2\/posts"}],"about":[{"href":"https:\/\/encuentroinformativo.com.mx\/index.php?rest_route=\/wp\/v2\/types\/post"}],"author":[{"embeddable":true,"href":"https:\/\/encuentroinformativo.com.mx\/index.php?rest_route=\/wp\/v2\/users\/1"}],"replies":[{"embeddable":true,"href":"https:\/\/encuentroinformativo.com.mx\/index.php?rest_route=%2Fwp%2Fv2%2Fcomments&post=20542"}],"version-history":[{"count":1,"href":"https:\/\/encuentroinformativo.com.mx\/index.php?rest_route=\/wp\/v2\/posts\/20542\/revisions"}],"predecessor-version":[{"id":20544,"href":"https:\/\/encuentroinformativo.com.mx\/index.php?rest_route=\/wp\/v2\/posts\/20542\/revisions\/20544"}],"wp:featuredmedia":[{"embeddable":true,"href":"https:\/\/encuentroinformativo.com.mx\/index.php?rest_route=\/wp\/v2\/media\/20543"}],"wp:attachment":[{"href":"https:\/\/encuentroinformativo.com.mx\/index.php?rest_route=%2Fwp%2Fv2%2Fmedia&parent=20542"}],"wp:term":[{"taxonomy":"category","embeddable":true,"href":"https:\/\/encuentroinformativo.com.mx\/index.php?rest_route=%2Fwp%2Fv2%2Fcategories&post=20542"},{"taxonomy":"post_tag","embeddable":true,"href":"https:\/\/encuentroinformativo.com.mx\/index.php?rest_route=%2Fwp%2Fv2%2Ftags&post=20542"}],"curies":[{"name":"wp","href":"https:\/\/api.w.org\/{rel}","templated":true}]}}