{"id":20548,"date":"2021-11-20T09:45:00","date_gmt":"2021-11-20T15:45:00","guid":{"rendered":"https:\/\/encuentroinformativo.com.mx\/?p=20548"},"modified":"2021-11-19T23:59:16","modified_gmt":"2021-11-20T05:59:16","slug":"deteriorada-biblioteca-carlos-fuentes-se-quejan-trabajadores","status":"publish","type":"post","link":"https:\/\/encuentroinformativo.com.mx\/?p=20548","title":{"rendered":"Deteriorada biblioteca Carlos Fuentes, se quejan trabajadores"},"content":{"rendered":"\n<p><strong>Dar\u00edo Pale<\/strong> <\/p>\n\n\n\n<p>Xalapa, Ver.- Personal que labora en la biblioteca &#8220;Carlos Fuentes&#8221; ubicada en JJ Herrera esquina con \u00darsulo Galv\u00e1n de la zona centro de Xalapa temen regresar a sus labores normales debido a las malas condiciones en que se encuentra actualmente.<\/p>\n\n\n\n<p>Personas que prefieren guardar sus generales por temor a represalias se\u00f1alaron que las instalaciones se encuentran en muy mal estado y que no le han dado mantenimiento pese a ello ya quiero que se presente a laborar.<\/p>\n\n\n\n<p>Comentaron que no s\u00f3lo temen por ellos si no por lo estudiantes que asist\u00edan ha dicho edificio y puedan sufrir alg\u00fan percance, ya que no cuentan con luz ni la suficiente agua , adem\u00e1s de que los ba\u00f1os no est\u00e1n funcionando al 100 por ciento, adem\u00e1s de que los libros tienen mucho polvo y no se pueden aspirar ya que podr\u00edan da\u00f1arse.<\/p>\n\n\n\n<p>Se\u00f1alaron que el edificio cuenta con mucha humedad adem\u00e1s de que hay muchos cables sueltos, incluso presenta unas cuarteaduras y algunos cristales de las ventanas ya se encuentran quebrados.<\/p>\n\n\n\n<p>Cabe recordar que anteriormente se le conoc\u00eda con el nombre de &#8220;Biblioteca Central&#8221; dependiendo desde entonces a la Direcci\u00f3n General de Ense\u00f1anza Media, actualmente Direcci\u00f3n General de Bachillerato (DGB), inici\u00f3 el 14 de diciembre de 1983.<\/p>\n\n\n\n<p>En noviembre de 1990, siendo Gobernador el licenciado Dante Delgado y Directora General de Bachillerato la Lic. Rosario Pi\u00f1a S\u00e1nchez, y con la presencia del Lic. Manuel Bartlet D\u00edaz, Secretario de Educaci\u00f3n P\u00fablica, se reinaugur\u00f3 la Biblioteca Central en la parte baja del Edificio Grayeb con acceso por la calle \u00darsulo Galv\u00e1n, dicha ampliaci\u00f3n dio inicio en la d\u00e9cada de los 90\u00b4s, lo que permiti\u00f3 contar con un espacio de 225 metros cuadrados y 7500 vol\u00famenes.<\/p>\n\n\n\n<p>Finalmente el 23 de noviembre de 2004, es inaugurada la biblioteca que desde esa fecha lleva el nombre del escritor Carlos Fuentes; cuenta con 3500 metros cuadrados y 23,000 vol\u00famenes aproximadamente ofreciendo los siguientes servicios, Recepci\u00f3n, Galer\u00eda, Auditorio, \u00c1rea de Consulta, Acervo General, Fotocopiado, Hemeroteca, \u00c1rea de C\u00f3mputo, Cafeter\u00eda, y mirador.<\/p>\n\n\n\n<figure class=\"wp-block-image size-large\"><img loading=\"lazy\" decoding=\"async\" width=\"630\" height=\"1024\" src=\"https:\/\/encuentroinformativo.com.mx\/wp-content\/uploads\/2021\/11\/D00580D5-12E3-4BC7-ADBF-0926EEDAE8FD-630x1024.jpeg\" alt=\"\" class=\"wp-image-20550\" srcset=\"https:\/\/encuentroinformativo.com.mx\/wp-content\/uploads\/2021\/11\/D00580D5-12E3-4BC7-ADBF-0926EEDAE8FD-630x1024.jpeg 630w, https:\/\/encuentroinformativo.com.mx\/wp-content\/uploads\/2021\/11\/D00580D5-12E3-4BC7-ADBF-0926EEDAE8FD-185x300.jpeg 185w, https:\/\/encuentroinformativo.com.mx\/wp-content\/uploads\/2021\/11\/D00580D5-12E3-4BC7-ADBF-0926EEDAE8FD-768x1248.jpeg 768w, https:\/\/encuentroinformativo.com.mx\/wp-content\/uploads\/2021\/11\/D00580D5-12E3-4BC7-ADBF-0926EEDAE8FD.jpeg 900w\" sizes=\"auto, (max-width: 630px) 100vw, 630px\" \/><\/figure>\n","protected":false},"excerpt":{"rendered":"<p>Dar\u00edo Pale Xalapa, Ver.- Personal que labora en la biblioteca &#8220;Carlos Fuentes&#8221; ubicada en JJ Herrera esquina con \u00darsulo Galv\u00e1n de la zona centro de Xalapa temen regresar a sus labores normales debido a las malas condiciones en que se encuentra actualmente. Personas que prefieren guardar sus generales por temor a represalias se\u00f1alaron que las [&hellip;]<\/p>\n","protected":false},"author":1,"featured_media":20549,"comment_status":"open","ping_status":"open","sticky":false,"template":"","format":"standard","meta":{"_jetpack_memberships_contains_paid_content":false,"footnotes":""},"categories":[3],"tags":[],"class_list":["post-20548","post","type-post","status-publish","format-standard","has-post-thumbnail","hentry","category-xalapa"],"jetpack_featured_media_url":"https:\/\/encuentroinformativo.com.mx\/wp-content\/uploads\/2021\/11\/7292D726-0B2F-4B75-AD87-F71AB2756796.jpeg","jetpack_sharing_enabled":true,"jetpack_likes_enabled":true,"amp_enabled":true,"_links":{"self":[{"href":"https:\/\/encuentroinformativo.com.mx\/index.php?rest_route=\/wp\/v2\/posts\/20548","targetHints":{"allow":["GET"]}}],"collection":[{"href":"https:\/\/encuentroinformativo.com.mx\/index.php?rest_route=\/wp\/v2\/posts"}],"about":[{"href":"https:\/\/encuentroinformativo.com.mx\/index.php?rest_route=\/wp\/v2\/types\/post"}],"author":[{"embeddable":true,"href":"https:\/\/encuentroinformativo.com.mx\/index.php?rest_route=\/wp\/v2\/users\/1"}],"replies":[{"embeddable":true,"href":"https:\/\/encuentroinformativo.com.mx\/index.php?rest_route=%2Fwp%2Fv2%2Fcomments&post=20548"}],"version-history":[{"count":1,"href":"https:\/\/encuentroinformativo.com.mx\/index.php?rest_route=\/wp\/v2\/posts\/20548\/revisions"}],"predecessor-version":[{"id":20551,"href":"https:\/\/encuentroinformativo.com.mx\/index.php?rest_route=\/wp\/v2\/posts\/20548\/revisions\/20551"}],"wp:featuredmedia":[{"embeddable":true,"href":"https:\/\/encuentroinformativo.com.mx\/index.php?rest_route=\/wp\/v2\/media\/20549"}],"wp:attachment":[{"href":"https:\/\/encuentroinformativo.com.mx\/index.php?rest_route=%2Fwp%2Fv2%2Fmedia&parent=20548"}],"wp:term":[{"taxonomy":"category","embeddable":true,"href":"https:\/\/encuentroinformativo.com.mx\/index.php?rest_route=%2Fwp%2Fv2%2Fcategories&post=20548"},{"taxonomy":"post_tag","embeddable":true,"href":"https:\/\/encuentroinformativo.com.mx\/index.php?rest_route=%2Fwp%2Fv2%2Ftags&post=20548"}],"curies":[{"name":"wp","href":"https:\/\/api.w.org\/{rel}","templated":true}]}}